{"id":1835862,"date":"2024-02-04T12:21:09","date_gmt":"2024-02-04T11:21:09","guid":{"rendered":"https:\/\/www.varesenews.it\/?p=1835862"},"modified":"2024-02-04T12:21:10","modified_gmt":"2024-02-04T11:21:10","slug":"a-vergiate-laureati-i-campioni-provinciali-bocce-individuali","status":"publish","type":"post","link":"https:\/\/www.varesenews.it\/2024\/02\/a-vergiate-laureati-i-campioni-provinciali-bocce-individuali\/1835862\/","title":{"rendered":"A Vergiate laureati i campioni provinciali bocce individuali"},"content":{"rendered":"<p>Gli splendidi campi dell\u2019altrettanto accattivante struttura di Vergiate sono stati, venerd\u00ec 2 febbraio, il centro dello spettacolo dei campionati provinciali della delegazione di Varese per quanto attiene la specialit\u00e0 individuale per le categorie A, B e C.<\/p>\n<p>Si tratta del primo atto, perch\u00e9 le altre due specialit\u00e0 \u2013 coppie e terne \u2013 andranno in scena, rispettivamente, nei mesi di marzo e aprile, in altri bocciodromi deputati a queste fasi successive: Daverio e San Cassano.<\/p>\n<p>Rimanendo a Vergiate, sono state numerose le partecipazioni per la categoria C, tanto che si sono presentati alle gabbie di partenza per scatenare i tradizionali galoppatori, ben quindici vincitori d\u2019eliminatoria, fra i quali la parte del leone \u00e8 stata interpretata dagli atleti della Bottinelli\/Vergiatese con cinque rappresentanti, seguiti dappresso da quelli della Malnatese con quattro.<\/p>\n<p>Come doveva finire? Come da logica puntualmente rispettata: in semifinale due locali e due della Malnatese, casualmente con incontri fratricidi che hanno visto prevalere alfine Tomborini della Bottinelli\/Vergiatese su Guffanti della Malnetese; partite giocate a livelli davvero elevati, indipendentemente dalla categoria di appartenenza, a dimostrazione che si possono esibire giocate pregevoli con qualsiasi etichetta applicata al contenitore. E\u2019 sufficiente che il contenuto sia di ottima qualit\u00e0.<\/p>\n<p>Meno numerosi i finalisti della categoria B &#8211; sette vincitori d\u2019eliminatoria -, che ha visto prevalere il Renese Colombo su Monti del Basso Verbano, dopo aver eliminato Caon della Bottinelli, che si \u00e8 vista privata, in prossimit\u00e0 del traguardo finale, dell\u2019en plein sperato.<\/p>\n<p>Ancora meno numerosi gli eletti della categoria A: solo tre, per cui la scelta della disputa della fase finale col sistema a terzine, dove ogni partecipante deve duellare con gli altri e prevale chi ottiene due vittorie, altrimenti, in caso di parit\u00e0, disputa del successo con i tiri ai pallini. Tre nomi illustri come Barilani, Macchi e Zarini, comunque il cannibale della Cuviese assorbiva naturalmente la maggior parte dei pronostici.<\/p>\n<p>Invece \u2026 Anche gli dei dell\u2019Olimpo ogni tanto scendevano dalla sommit\u00e0 del monte pi\u00f9 alto della Grecia, sovente nascosto da coltri di nubi, affinch\u00e9 i dodici Dei principali della mitologia greca fossero invisibili agli occhi di coloro che non possedevano la loro immortalit\u00e0, per mischiarsi agli umani, rendendosi irriconoscibili e assumendo le loro fattezze per meglio mimetizzarsi. Indubbiamente Walter pens\u00f2 di calarsi dall\u2019Olimpo. Nell\u2019incontro con Macchi parte disinvolto, 2-0, poi concede qualcosa, 2-1, riparte, 4-1: tutto finito, tutto secondo norma? Macchi, che non sbaglia una bocciata, non ci sta, comincia ad accostare con precisione, Walter sembra annoiato \u2013 o solo infastidito, va bene che non devo fare pesare la mia divinit\u00e0, ma perbacco un po\u2019 di bon ton non guasterebbe! \u2013 riesce a commettere alcuni errori che non appartengono al suo bagaglio e Macchi schizza via nel punteggio, diventa sempre pi\u00f9 un\u2019immagine sbiadita per l\u2019avversario, che alfine si arrende. Barilani perde anche con Zarini, il quale soccombe a Macchi, cos\u00ec il Glauco, con la divisa blu del Fratelli d\u2019Italia avente il profilo stilizzato del re della foresta, inizia sorridente l\u2019ascesa verso quella vetta lass\u00f9, quasi sempre avvolta nelle nubi, per chiedere a Zeus di poter accedere alla sua sfarzosa sala riunioni \u2013 come citata da Telemaco nell\u2019Odissea di Omero -, dove possono sedere solo gli Dei.<\/p>\n<p><em>Roberto Bramani Araldi<\/em><\/p>\n<p>ILLOLE DI BOCCE<\/p>\n<p>2 febbraio \u2013 Vergiate \u2013 Finali Campionati provinciali individuali categorie A,B,C<br \/>\nCategoria A<br \/>\n1) Macchi Claudio \u2013 F.lli d\u2019Italia<br \/>\n2) Zarini Pierluigi \u2013 Basso Verbano<br \/>\n3) Barilani Walter \u2013 Cuviese<\/p>\n<p>Categoria B<br \/>\n1) Colombo Michele \u2013 Renese<br \/>\n2) Monti Dino \u2013 Basso Verbano<br \/>\n3) Caon Renato \u2013 Bottinelli\/Vergiatese<br \/>\n4) Toniolo Silvano \u2013 Basso Verbano<\/p>\n<p>Categoria C<br \/>\n1) Tomborini Enrico \u2013 Bottinelli\/Vergiatese<br \/>\n2) Guffanti Clemente \u2013 Malnatese<br \/>\n3) Padrin Sergio \u2013 Bottinelli\/Vergiatese<br \/>\n4) Bortolotti Mario \u2013 Malnatese<\/p>\n<p>Direttore di gara \u2013 Silvano Farioli<\/p>\n<p>5 febbraio \u2013 Renese c\/o Monvallese \u2013 inizio coppia imposta AC, BB, inferiori<\/p>\n","protected":false},"excerpt":{"rendered":"<p>Gli splendidi campi dell\u2019altrettanto accattivante struttura di Vergiate sono stati, venerd\u00ec 2 febbraio, il centro dello spettacolo dei campionati provinciali della delegazione di Varese<\/p>\n","protected":false},"author":39,"featured_media":0,"comment_status":"open","ping_status":"open","sticky":false,"template":"","format":"standard","meta":{"footnotes":""},"categories":[14,21,2],"tags":[822,143078],"acf":[],"yoast_head":"<!-- This site is optimized with the Yoast SEO plugin v20.1 - https:\/\/yoast.com\/wordpress\/plugins\/seo\/ -->\n<title>A Vergiate laureati i campioni provinciali bocce individuali<\/title>\n<meta name=\"description\" content=\"Gli splendidi campi dell\u2019altrettanto accattivante struttura di Vergiate sono stati, venerd\u00ec 2 febbraio, il centro dello spettacolo dei campionati provinciali della delegazione di Varese\" \/>\n<meta name=\"robots\" content=\"index, follow, max-snippet:-1, max-image-preview:large, max-video-preview:-1\" \/>\n<link rel=\"canonical\" href=\"https:\/\/www.varesenews.it\/2024\/02\/a-vergiate-laureati-i-campioni-provinciali-bocce-individuali\/1835862\/\" \/>\n<meta property=\"og:locale\" content=\"it_IT\" \/>\n<meta property=\"og:type\" content=\"article\" \/>\n<meta property=\"og:title\" content=\"A Vergiate laureati i campioni provinciali bocce individuali\" \/>\n<meta property=\"og:description\" content=\"Gli splendidi campi dell\u2019altrettanto accattivante struttura di Vergiate sono stati, venerd\u00ec 2 febbraio, il centro dello spettacolo dei campionati provinciali della delegazione di Varese\" \/>\n<meta property=\"og:url\" content=\"https:\/\/www.varesenews.it\/2024\/02\/a-vergiate-laureati-i-campioni-provinciali-bocce-individuali\/1835862\/\" \/>\n<meta property=\"og:site_name\" content=\"VareseNews\" \/>\n<meta property=\"article:publisher\" content=\"https:\/\/www.facebook.com\/varesenews\/\" \/>\n<meta property=\"article:author\" content=\"https:\/\/www.facebook.com\/tommaso.guidotti.7\" \/>\n<meta property=\"article:published_time\" content=\"2024-02-04T11:21:09+00:00\" \/>\n<meta property=\"article:modified_time\" content=\"2024-02-04T11:21:10+00:00\" \/>\n<meta name=\"author\" content=\"Tommaso Guidotti\" \/>\n<meta name=\"twitter:card\" content=\"summary_large_image\" \/>\n<meta name=\"twitter:creator\" content=\"@tomguidoz\" \/>\n<meta name=\"twitter:site\" content=\"@varesenews\" \/>\n<meta name=\"twitter:label1\" content=\"Scritto da\" \/>\n\t<meta name=\"twitter:data1\" content=\"Tommaso Guidotti\" \/>\n\t<meta name=\"twitter:label2\" content=\"Tempo di lettura stimato\" \/>\n\t<meta name=\"twitter:data2\" content=\"4 minuti\" \/>\n<script type=\"application\/ld+json\" class=\"yoast-schema-graph\">{\"@context\":\"https:\/\/schema.org\",\"@graph\":[{\"@type\":\"NewsArticle\",\"@id\":\"https:\/\/www.varesenews.it\/2024\/02\/a-vergiate-laureati-i-campioni-provinciali-bocce-individuali\/1835862\/#article\",\"isPartOf\":{\"@id\":\"https:\/\/www.varesenews.it\/2024\/02\/a-vergiate-laureati-i-campioni-provinciali-bocce-individuali\/1835862\/\"},\"author\":{\"name\":\"Tommaso Guidotti\",\"@id\":\"https:\/\/www.varesenews.it\/#\/schema\/person\/5ae9c65889c40fea73a6c40733b93f8a\"},\"headline\":\"A Vergiate laureati i campioni provinciali bocce individuali\",\"datePublished\":\"2024-02-04T11:21:09+00:00\",\"dateModified\":\"2024-02-04T11:21:10+00:00\",\"mainEntityOfPage\":{\"@id\":\"https:\/\/www.varesenews.it\/2024\/02\/a-vergiate-laureati-i-campioni-provinciali-bocce-individuali\/1835862\/\"},\"wordCount\":617,\"commentCount\":0,\"publisher\":{\"@id\":\"https:\/\/www.varesenews.it\/#organization\"},\"keywords\":[\"Bocce\",\"pillole di bocce\"],\"articleSection\":[\"Sport\",\"Tempo libero\",\"Varese Laghi\"],\"inLanguage\":\"it-IT\",\"potentialAction\":[{\"@type\":\"CommentAction\",\"name\":\"Comment\",\"target\":[\"https:\/\/www.varesenews.it\/2024\/02\/a-vergiate-laureati-i-campioni-provinciali-bocce-individuali\/1835862\/#respond\"]}]},{\"@type\":\"WebPage\",\"@id\":\"https:\/\/www.varesenews.it\/2024\/02\/a-vergiate-laureati-i-campioni-provinciali-bocce-individuali\/1835862\/\",\"url\":\"https:\/\/www.varesenews.it\/2024\/02\/a-vergiate-laureati-i-campioni-provinciali-bocce-individuali\/1835862\/\",\"name\":\"A Vergiate laureati i campioni provinciali bocce individuali\",\"isPartOf\":{\"@id\":\"https:\/\/www.varesenews.it\/#website\"},\"datePublished\":\"2024-02-04T11:21:09+00:00\",\"dateModified\":\"2024-02-04T11:21:10+00:00\",\"description\":\"Gli splendidi campi dell\u2019altrettanto accattivante struttura di Vergiate sono stati, venerd\u00ec 2 febbraio, il centro dello spettacolo dei campionati provinciali della delegazione di Varese\",\"breadcrumb\":{\"@id\":\"https:\/\/www.varesenews.it\/2024\/02\/a-vergiate-laureati-i-campioni-provinciali-bocce-individuali\/1835862\/#breadcrumb\"},\"inLanguage\":\"it-IT\",\"potentialAction\":[{\"@type\":\"ReadAction\",\"target\":[\"https:\/\/www.varesenews.it\/2024\/02\/a-vergiate-laureati-i-campioni-provinciali-bocce-individuali\/1835862\/\"]}]},{\"@type\":\"BreadcrumbList\",\"@id\":\"https:\/\/www.varesenews.it\/2024\/02\/a-vergiate-laureati-i-campioni-provinciali-bocce-individuali\/1835862\/#breadcrumb\",\"itemListElement\":[{\"@type\":\"ListItem\",\"position\":1,\"name\":\"VN\",\"item\":\"https:\/\/www.varesenews.it\/\"},{\"@type\":\"ListItem\",\"position\":2,\"name\":\"Canali Tematici\",\"item\":\"https:\/\/www.varesenews.it\/category\/canali-tematici\/\"},{\"@type\":\"ListItem\",\"position\":3,\"name\":\"Sport\",\"item\":\"https:\/\/www.varesenews.it\/category\/canali-tematici\/sport\/\"},{\"@type\":\"ListItem\",\"position\":4,\"name\":\"A Vergiate laureati i campioni provinciali bocce individuali\"}]},{\"@type\":\"WebSite\",\"@id\":\"https:\/\/www.varesenews.it\/#website\",\"url\":\"https:\/\/www.varesenews.it\/\",\"name\":\"VareseNews\",\"description\":\"\",\"publisher\":{\"@id\":\"https:\/\/www.varesenews.it\/#organization\"},\"potentialAction\":[{\"@type\":\"SearchAction\",\"target\":{\"@type\":\"EntryPoint\",\"urlTemplate\":\"https:\/\/www.varesenews.it\/?s={search_term_string}\"},\"query-input\":\"required name=search_term_string\"}],\"inLanguage\":\"it-IT\"},{\"@type\":\"Organization\",\"@id\":\"https:\/\/www.varesenews.it\/#organization\",\"name\":\"VareseWeb Srl\",\"url\":\"https:\/\/www.varesenews.it\/\",\"logo\":{\"@type\":\"ImageObject\",\"inLanguage\":\"it-IT\",\"@id\":\"https:\/\/www.varesenews.it\/#\/schema\/logo\/image\/\",\"url\":\"https:\/\/www.varesenews.it\/wp-content\/uploads\/2023\/08\/VARESEWEB.png\",\"contentUrl\":\"https:\/\/www.varesenews.it\/wp-content\/uploads\/2023\/08\/VARESEWEB.png\",\"width\":304,\"height\":304,\"caption\":\"VareseWeb Srl\"},\"image\":{\"@id\":\"https:\/\/www.varesenews.it\/#\/schema\/logo\/image\/\"},\"sameAs\":[\"https:\/\/www.facebook.com\/varesenews\/\",\"https:\/\/twitter.com\/varesenews\",\"https:\/\/instagram.com\/varesenews\/\"]},{\"@type\":\"Person\",\"@id\":\"https:\/\/www.varesenews.it\/#\/schema\/person\/5ae9c65889c40fea73a6c40733b93f8a\",\"name\":\"Tommaso Guidotti\",\"image\":{\"@type\":\"ImageObject\",\"inLanguage\":\"it-IT\",\"@id\":\"https:\/\/www.varesenews.it\/#\/schema\/person\/image\/\",\"url\":\"https:\/\/www.varesenews.it\/wp-content\/uploads\/2025\/07\/Schermata-2025-07-22-alle-10.59.23.png\",\"contentUrl\":\"https:\/\/www.varesenews.it\/wp-content\/uploads\/2025\/07\/Schermata-2025-07-22-alle-10.59.23.png\",\"caption\":\"Tommaso Guidotti\"},\"description\":\"Nato a Milano e trasferito nel Varesotto in tenera et\u00e0, sposato con Chiara dal 2012 e padre di due figli, Lorenzo e Alice. Sono laureato in Scienze Politiche e ho nel mio bagaglio lontani studi classici al Liceo Cairoli di Varese. Amo leggere, le serie tv, i viaggi e mi piace sperimentare e conoscere. La passione pi\u00f9 grande? Il calcio, giocato, simulato e guardato: occupo parte del mio tempo libero con quella che \u00e8 pi\u00f9 di una squadra di calcio, i Bidone, una vera e propria seconda famiglia con cui ho portato avanti tanti progetti sportivi e benefici. Faccio parte dal 2004 della squadra di VareseNews e sono giornalista professionista dal 2009: per dieci anni ho ricoperto il ruolo di caporedattore. Dal 2019 coordino insieme ad una redazione di giovani collaboratori il nuovo progetto del gruppo nella zona del Saronnese, il giornale SaronnoNews, spin-off di VareseNews, restando comunque radicato al territorio di Casciago, paese che mi ha adottato e che amo moltissimo come il lago di Varese e Cazzago Brabbia, il paese dove ho vissuto da giovane.\",\"sameAs\":[\"https:\/\/www.facebook.com\/tommaso.guidotti.7\",\"tomguidoz80\",\"https:\/\/www.linkedin.com\/profile\/view?id=36891883&authType=name&authToken=9pNm&locale=en_US&goback=npv_36891883_*1_*1_name_9pNm_*1_*1_*1_*1_*1_*1_*1_*1_*1_*1_*1_*1_*1_*1_*1_*1_*1_*1_*1_*1_*1_*1_*1_*1_*1_*1_*1_*1_*1_*1_*1_*1_*1\",\"https:\/\/twitter.com\/tomguidoz\"],\"url\":\"https:\/\/www.varesenews.it\/persona\/tommaso_guidotti\/\"}]}<\/script>\n<!-- \/ Yoast SEO plugin. -->","yoast_head_json":{"title":"A Vergiate laureati i campioni provinciali bocce individuali","description":"Gli splendidi campi dell\u2019altrettanto accattivante struttura di Vergiate sono stati, venerd\u00ec 2 febbraio, il centro dello spettacolo dei campionati provinciali della delegazione di Varese","robots":{"index":"index","follow":"follow","max-snippet":"max-snippet:-1","max-image-preview":"max-image-preview:large","max-video-preview":"max-video-preview:-1"},"canonical":"https:\/\/www.varesenews.it\/2024\/02\/a-vergiate-laureati-i-campioni-provinciali-bocce-individuali\/1835862\/","og_locale":"it_IT","og_type":"article","og_title":"A Vergiate laureati i campioni provinciali bocce individuali","og_description":"Gli splendidi campi dell\u2019altrettanto accattivante struttura di Vergiate sono stati, venerd\u00ec 2 febbraio, il centro dello spettacolo dei campionati provinciali della delegazione di Varese","og_url":"https:\/\/www.varesenews.it\/2024\/02\/a-vergiate-laureati-i-campioni-provinciali-bocce-individuali\/1835862\/","og_site_name":"VareseNews","article_publisher":"https:\/\/www.facebook.com\/varesenews\/","article_author":"https:\/\/www.facebook.com\/tommaso.guidotti.7","article_published_time":"2024-02-04T11:21:09+00:00","article_modified_time":"2024-02-04T11:21:10+00:00","author":"Tommaso Guidotti","twitter_card":"summary_large_image","twitter_creator":"@tomguidoz","twitter_site":"@varesenews","twitter_misc":{"Scritto da":"Tommaso Guidotti","Tempo di lettura stimato":"4 minuti"},"schema":{"@context":"https:\/\/schema.org","@graph":[{"@type":"NewsArticle","@id":"https:\/\/www.varesenews.it\/2024\/02\/a-vergiate-laureati-i-campioni-provinciali-bocce-individuali\/1835862\/#article","isPartOf":{"@id":"https:\/\/www.varesenews.it\/2024\/02\/a-vergiate-laureati-i-campioni-provinciali-bocce-individuali\/1835862\/"},"author":{"name":"Tommaso Guidotti","@id":"https:\/\/www.varesenews.it\/#\/schema\/person\/5ae9c65889c40fea73a6c40733b93f8a"},"headline":"A Vergiate laureati i campioni provinciali bocce individuali","datePublished":"2024-02-04T11:21:09+00:00","dateModified":"2024-02-04T11:21:10+00:00","mainEntityOfPage":{"@id":"https:\/\/www.varesenews.it\/2024\/02\/a-vergiate-laureati-i-campioni-provinciali-bocce-individuali\/1835862\/"},"wordCount":617,"commentCount":0,"publisher":{"@id":"https:\/\/www.varesenews.it\/#organization"},"keywords":["Bocce","pillole di bocce"],"articleSection":["Sport","Tempo libero","Varese Laghi"],"inLanguage":"it-IT","potentialAction":[{"@type":"CommentAction","name":"Comment","target":["https:\/\/www.varesenews.it\/2024\/02\/a-vergiate-laureati-i-campioni-provinciali-bocce-individuali\/1835862\/#respond"]}]},{"@type":"WebPage","@id":"https:\/\/www.varesenews.it\/2024\/02\/a-vergiate-laureati-i-campioni-provinciali-bocce-individuali\/1835862\/","url":"https:\/\/www.varesenews.it\/2024\/02\/a-vergiate-laureati-i-campioni-provinciali-bocce-individuali\/1835862\/","name":"A Vergiate laureati i campioni provinciali bocce individuali","isPartOf":{"@id":"https:\/\/www.varesenews.it\/#website"},"datePublished":"2024-02-04T11:21:09+00:00","dateModified":"2024-02-04T11:21:10+00:00","description":"Gli splendidi campi dell\u2019altrettanto accattivante struttura di Vergiate sono stati, venerd\u00ec 2 febbraio, il centro dello spettacolo dei campionati provinciali della delegazione di Varese","breadcrumb":{"@id":"https:\/\/www.varesenews.it\/2024\/02\/a-vergiate-laureati-i-campioni-provinciali-bocce-individuali\/1835862\/#breadcrumb"},"inLanguage":"it-IT","potentialAction":[{"@type":"ReadAction","target":["https:\/\/www.varesenews.it\/2024\/02\/a-vergiate-laureati-i-campioni-provinciali-bocce-individuali\/1835862\/"]}]},{"@type":"BreadcrumbList","@id":"https:\/\/www.varesenews.it\/2024\/02\/a-vergiate-laureati-i-campioni-provinciali-bocce-individuali\/1835862\/#breadcrumb","itemListElement":[{"@type":"ListItem","position":1,"name":"VN","item":"https:\/\/www.varesenews.it\/"},{"@type":"ListItem","position":2,"name":"Canali Tematici","item":"https:\/\/www.varesenews.it\/category\/canali-tematici\/"},{"@type":"ListItem","position":3,"name":"Sport","item":"https:\/\/www.varesenews.it\/category\/canali-tematici\/sport\/"},{"@type":"ListItem","position":4,"name":"A Vergiate laureati i campioni provinciali bocce individuali"}]},{"@type":"WebSite","@id":"https:\/\/www.varesenews.it\/#website","url":"https:\/\/www.varesenews.it\/","name":"VareseNews","description":"","publisher":{"@id":"https:\/\/www.varesenews.it\/#organization"},"potentialAction":[{"@type":"SearchAction","target":{"@type":"EntryPoint","urlTemplate":"https:\/\/www.varesenews.it\/?s={search_term_string}"},"query-input":"required name=search_term_string"}],"inLanguage":"it-IT"},{"@type":"Organization","@id":"https:\/\/www.varesenews.it\/#organization","name":"VareseWeb Srl","url":"https:\/\/www.varesenews.it\/","logo":{"@type":"ImageObject","inLanguage":"it-IT","@id":"https:\/\/www.varesenews.it\/#\/schema\/logo\/image\/","url":"https:\/\/www.varesenews.it\/wp-content\/uploads\/2023\/08\/VARESEWEB.png","contentUrl":"https:\/\/www.varesenews.it\/wp-content\/uploads\/2023\/08\/VARESEWEB.png","width":304,"height":304,"caption":"VareseWeb Srl"},"image":{"@id":"https:\/\/www.varesenews.it\/#\/schema\/logo\/image\/"},"sameAs":["https:\/\/www.facebook.com\/varesenews\/","https:\/\/twitter.com\/varesenews","https:\/\/instagram.com\/varesenews\/"]},{"@type":"Person","@id":"https:\/\/www.varesenews.it\/#\/schema\/person\/5ae9c65889c40fea73a6c40733b93f8a","name":"Tommaso Guidotti","image":{"@type":"ImageObject","inLanguage":"it-IT","@id":"https:\/\/www.varesenews.it\/#\/schema\/person\/image\/","url":"https:\/\/www.varesenews.it\/wp-content\/uploads\/2025\/07\/Schermata-2025-07-22-alle-10.59.23.png","contentUrl":"https:\/\/www.varesenews.it\/wp-content\/uploads\/2025\/07\/Schermata-2025-07-22-alle-10.59.23.png","caption":"Tommaso Guidotti"},"description":"Nato a Milano e trasferito nel Varesotto in tenera et\u00e0, sposato con Chiara dal 2012 e padre di due figli, Lorenzo e Alice. Sono laureato in Scienze Politiche e ho nel mio bagaglio lontani studi classici al Liceo Cairoli di Varese. Amo leggere, le serie tv, i viaggi e mi piace sperimentare e conoscere. La passione pi\u00f9 grande? Il calcio, giocato, simulato e guardato: occupo parte del mio tempo libero con quella che \u00e8 pi\u00f9 di una squadra di calcio, i Bidone, una vera e propria seconda famiglia con cui ho portato avanti tanti progetti sportivi e benefici. Faccio parte dal 2004 della squadra di VareseNews e sono giornalista professionista dal 2009: per dieci anni ho ricoperto il ruolo di caporedattore. Dal 2019 coordino insieme ad una redazione di giovani collaboratori il nuovo progetto del gruppo nella zona del Saronnese, il giornale SaronnoNews, spin-off di VareseNews, restando comunque radicato al territorio di Casciago, paese che mi ha adottato e che amo moltissimo come il lago di Varese e Cazzago Brabbia, il paese dove ho vissuto da giovane.","sameAs":["https:\/\/www.facebook.com\/tommaso.guidotti.7","tomguidoz80","https:\/\/www.linkedin.com\/profile\/view?id=36891883&authType=name&authToken=9pNm&locale=en_US&goback=npv_36891883_*1_*1_name_9pNm_*1_*1_*1_*1_*1_*1_*1_*1_*1_*1_*1_*1_*1_*1_*1_*1_*1_*1_*1_*1_*1_*1_*1_*1_*1_*1_*1_*1_*1_*1_*1_*1_*1","https:\/\/twitter.com\/tomguidoz"],"url":"https:\/\/www.varesenews.it\/persona\/tommaso_guidotti\/"}]}},"post_meta":{"content-image-gallery":"","_edit_lock":"1707045676:39","_edit_last":"39","_category_permalink":"a:1:{s:8:\"category\";s:0:\"\";}","_encloseme":"1","ratings_users":"0","ratings_score":"0","ratings_average":"0","foto":"1591293","firma-personalizzata":"Roberto Bramani Araldi","argomento":"Bocce","_yoast_wpseo_focuskw":"bocce","_yoast_wpseo_linkdex":"47","_yoast_wpseo_content_score":"30","_yoast_wpseo_estimated-reading-time-minutes":"4","_yoast_wpseo_wordproof_timestamp":"","_jd_tweet_this":"yes","_jd_wp_twitter":"a:1:{i:0;s:187:\"A Vergiate laureati i campioni provinciali bocce individuali https:\/\/www.varesenews.it\/2024\/02\/a-vergiate-laureati-i-campioni-provinciali-bocce-individuali\/1835862\/ #Bocce #PilloleDiBocce\";}","_wpt_tweet_id":"1754102807764812096","_wpt_status_message":"Tweet sent successfully.","_oembed_d71824398a5e6fa7f083cec503f9b53b":"<blockquote class=\"wp-embedded-content\" data-secret=\"PLuiL9bKch\"><a href=\"https:\/\/www.varesenews.it\/2023\/11\/il-comune-di-varese-demolisce-lex-edicola-di-piazza-della-motta\/1782227\/\">Il comune di Varese demolisce l&#8217;ex edicola di piazza della Motta<\/a><\/blockquote><iframe class=\"wp-embedded-content\" sandbox=\"allow-scripts\" security=\"restricted\" style=\"position: absolute; clip: rect(1px, 1px, 1px, 1px);\" title=\"&#8220;Il comune di Varese demolisce l&#8217;ex edicola di piazza della Motta&#8221; &#8212; VareseNews\" src=\"https:\/\/www.varesenews.it\/2023\/11\/il-comune-di-varese-demolisce-lex-edicola-di-piazza-della-motta\/1782227\/embed\/#?secret=4gvEdQaVGa#?secret=PLuiL9bKch\" data-secret=\"PLuiL9bKch\" width=\"500\" height=\"282\" frameborder=\"0\" marginwidth=\"0\" marginheight=\"0\" scrolling=\"no\"><\/iframe>","_oembed_time_d71824398a5e6fa7f083cec503f9b53b":"1707045771","_oembed_07be4760a92c384e9cb8e63094c37fac":"<blockquote class=\"wp-embedded-content\" data-secret=\"8beZJB7s9B\"><a href=\"https:\/\/www.varesenews.it\/necrologie\/annuncio-famiglia\/emilio-vanoni\/\">Emilio Vanoni<\/a><\/blockquote><iframe class=\"wp-embedded-content\" sandbox=\"allow-scripts\" security=\"restricted\" style=\"position: absolute; clip: rect(1px, 1px, 1px, 1px);\" title=\"&#8220;Emilio Vanoni&#8221; &#8212; VareseNews\" src=\"https:\/\/www.varesenews.it\/necrologie\/annuncio-famiglia\/emilio-vanoni\/embed\/#?secret=onKxDUzz6i#?secret=8beZJB7s9B\" data-secret=\"8beZJB7s9B\" width=\"500\" height=\"282\" frameborder=\"0\" marginwidth=\"0\" marginheight=\"0\" scrolling=\"no\"><\/iframe>","_oembed_time_07be4760a92c384e9cb8e63094c37fac":"1707045771","_oembed_f92f2203fd791ab28b511b0db8992128":"<blockquote class=\"wp-embedded-content\" data-secret=\"BKswwz9G64\"><a href=\"https:\/\/www.varesenews.it\/2024\/02\/induno-olona-piange-emilio-vanoni-una-vita-di-impegno-per-la-pace-e-la-giustizia-sociale\/1834617\/\">Induno Olona piange Emilio Vanoni, una vita di impegno per la pace e la giustizia sociale<\/a><\/blockquote><iframe class=\"wp-embedded-content\" sandbox=\"allow-scripts\" security=\"restricted\" style=\"position: absolute; clip: rect(1px, 1px, 1px, 1px);\" title=\"&#8220;Induno Olona piange Emilio Vanoni, una vita di impegno per la pace e la giustizia sociale&#8221; &#8212; VareseNews\" src=\"https:\/\/www.varesenews.it\/2024\/02\/induno-olona-piange-emilio-vanoni-una-vita-di-impegno-per-la-pace-e-la-giustizia-sociale\/1834617\/embed\/#?secret=O6u1ss5Ba7#?secret=BKswwz9G64\" data-secret=\"BKswwz9G64\" width=\"500\" height=\"282\" frameborder=\"0\" marginwidth=\"0\" marginheight=\"0\" scrolling=\"no\"><\/iframe>","_oembed_time_f92f2203fd791ab28b511b0db8992128":"1707045771","_oembed_77e868b79a7d0f789215f25fa521a967":"<iframe title=\"D\u00e0 in escandescenze sul volo U23891 Malpensa - Sharm el-Sheikh\" width=\"500\" height=\"281\" src=\"https:\/\/www.youtube.com\/embed\/lOo8bLEozLY?feature=oembed\" frameborder=\"0\" allow=\"accelerometer; autoplay; clipboard-write; encrypted-media; gyroscope; picture-in-picture; web-share\" allowfullscreen><\/iframe>","_oembed_time_77e868b79a7d0f789215f25fa521a967":"1707045880","_oembed_e244cd499fbaa782b3120addbfdc90ac":"<blockquote class=\"wp-embedded-content\" data-secret=\"IBikDTYe1T\"><a href=\"https:\/\/www.varesenews.it\/2024\/02\/calcio-serie-c-triestina-pro-patria-in-diretta-2\/1835595\/\">Calcio, Serie C: Triestina &#8211; Pro Patria in diretta<\/a><\/blockquote><iframe class=\"wp-embedded-content\" sandbox=\"allow-scripts\" security=\"restricted\" style=\"position: absolute; clip: rect(1px, 1px, 1px, 1px);\" title=\"&#8220;Calcio, Serie C: Triestina &#8211; Pro Patria in diretta&#8221; &#8212; VareseNews\" src=\"https:\/\/www.varesenews.it\/2024\/02\/calcio-serie-c-triestina-pro-patria-in-diretta-2\/1835595\/embed\/#?secret=Epeap4gB2B#?secret=IBikDTYe1T\" data-secret=\"IBikDTYe1T\" width=\"500\" height=\"282\" frameborder=\"0\" marginwidth=\"0\" marginheight=\"0\" scrolling=\"no\"><\/iframe>","_oembed_time_e244cd499fbaa782b3120addbfdc90ac":"1707045880","_oembed_bd2d94a9e493835d4fdcc4df2ee6e659":"<blockquote class=\"wp-embedded-content\" data-secret=\"h6EmvVFb6a\"><a href=\"https:\/\/www.varesenews.it\/2024\/02\/da-gorla-minore-in-2500-da-papa-francesco-e-iniziato-il-viaggio-di-studenti-e-famiglie-del-rotondi\/1834170\/\">Da Gorla Minore in 2500 da Papa Francesco. \u00c8 iniziato il viaggio di studenti e famiglie del Rotondi<\/a><\/blockquote><iframe class=\"wp-embedded-content\" sandbox=\"allow-scripts\" security=\"restricted\" style=\"position: absolute; clip: rect(1px, 1px, 1px, 1px);\" title=\"&#8220;Da Gorla Minore in 2500 da Papa Francesco. \u00c8 iniziato il viaggio di studenti e famiglie del Rotondi&#8221; &#8212; VareseNews\" src=\"https:\/\/www.varesenews.it\/2024\/02\/da-gorla-minore-in-2500-da-papa-francesco-e-iniziato-il-viaggio-di-studenti-e-famiglie-del-rotondi\/1834170\/embed\/#?secret=fyQF43PTHH#?secret=h6EmvVFb6a\" data-secret=\"h6EmvVFb6a\" width=\"500\" height=\"282\" frameborder=\"0\" marginwidth=\"0\" marginheight=\"0\" scrolling=\"no\"><\/iframe>","_oembed_time_bd2d94a9e493835d4fdcc4df2ee6e659":"1707045880","_oembed_79cf51eaa731828acceab093a2fd7787":"<blockquote class=\"wp-embedded-content\" data-secret=\"rVPbW8gQEU\"><a href=\"https:\/\/www.varesenews.it\/2024\/01\/battaglia-fiscale-tra-italia-svizzera-il-governo-abbassa-la-soglia-per-il-tax-free-e-il-ticino-reagisce\/1808449\/\">&#8220;Battaglia&#8221; fiscale tra Italia-Svizzera: il governo abbassa la soglia per il Tax free e il Ticino reagisce<\/a><\/blockquote><iframe class=\"wp-embedded-content\" sandbox=\"allow-scripts\" security=\"restricted\" style=\"position: absolute; clip: rect(1px, 1px, 1px, 1px);\" title=\"&#8220;&#8220;Battaglia&#8221; fiscale tra Italia-Svizzera: il governo abbassa la soglia per il Tax free e il Ticino reagisce&#8221; &#8212; VareseNews\" src=\"https:\/\/www.varesenews.it\/2024\/01\/battaglia-fiscale-tra-italia-svizzera-il-governo-abbassa-la-soglia-per-il-tax-free-e-il-ticino-reagisce\/1808449\/embed\/#?secret=GTwWHrmYl0#?secret=rVPbW8gQEU\" data-secret=\"rVPbW8gQEU\" width=\"500\" height=\"282\" frameborder=\"0\" marginwidth=\"0\" marginheight=\"0\" scrolling=\"no\"><\/iframe>","_oembed_time_79cf51eaa731828acceab093a2fd7787":"1707046073","_oembed_c9f9a62e707d00333294ac5fa97baa5e":"<blockquote class=\"wp-embedded-content\" data-secret=\"ogzBz2Avuq\"><a href=\"https:\/\/www.varesenews.it\/2023\/12\/franco-svizzero-sempre-piu-forte-nuovo-record-nei-cambi-con-euro-e-dollaro\/1805488\/\">Franco svizzero sempre pi\u00f9 forte. Nuovo record nei cambi con euro e dollaro<\/a><\/blockquote><iframe class=\"wp-embedded-content\" sandbox=\"allow-scripts\" security=\"restricted\" style=\"position: absolute; clip: rect(1px, 1px, 1px, 1px);\" title=\"&#8220;Franco svizzero sempre pi\u00f9 forte. Nuovo record nei cambi con euro e dollaro&#8221; &#8212; VareseNews\" src=\"https:\/\/www.varesenews.it\/2023\/12\/franco-svizzero-sempre-piu-forte-nuovo-record-nei-cambi-con-euro-e-dollaro\/1805488\/embed\/#?secret=aNDTuNJIcg#?secret=ogzBz2Avuq\" data-secret=\"ogzBz2Avuq\" width=\"500\" height=\"282\" frameborder=\"0\" marginwidth=\"0\" marginheight=\"0\" scrolling=\"no\"><\/iframe>","_oembed_time_c9f9a62e707d00333294ac5fa97baa5e":"1707046073","_oembed_eb0ed6737d16bffea38f833ff180154e":"<blockquote class=\"wp-embedded-content\" data-secret=\"yVIHtenKpv\"><a href=\"https:\/\/www.varesenews.it\/2024\/01\/con-la-tigros-card-dopo-la-spesa-il-tax-free-refund-arriva-direttamente\/1808755\/\">Con la TIGROS card dopo la spesa il Tax free refund arriva direttamente<\/a><\/blockquote><iframe class=\"wp-embedded-content\" sandbox=\"allow-scripts\" security=\"restricted\" style=\"position: absolute; clip: rect(1px, 1px, 1px, 1px);\" title=\"&#8220;Con la TIGROS card dopo la spesa il Tax free refund arriva direttamente&#8221; &#8212; VareseNews\" src=\"https:\/\/www.varesenews.it\/2024\/01\/con-la-tigros-card-dopo-la-spesa-il-tax-free-refund-arriva-direttamente\/1808755\/embed\/#?secret=VQi8gS0y8T#?secret=yVIHtenKpv\" data-secret=\"yVIHtenKpv\" width=\"500\" height=\"282\" frameborder=\"0\" marginwidth=\"0\" marginheight=\"0\" scrolling=\"no\"><\/iframe>","_oembed_time_eb0ed6737d16bffea38f833ff180154e":"1707046073","_oembed_e7d2dd0867f258f630ed283fb41f6948":"<blockquote class=\"wp-embedded-content\" data-secret=\"Vd1hb8wGLY\"><a href=\"https:\/\/www.varesenews.it\/2024\/01\/eventi-per-bambini-nel-weekend-del-26-27-e-28-gennaio-tra-varese-e-provincia\/1828156\/\">Eventi per bambini nel weekend del 26, 27 e 28 gennaio tra Varese e provincia<\/a><\/blockquote><iframe class=\"wp-embedded-content\" sandbox=\"allow-scripts\" security=\"restricted\" style=\"position: absolute; clip: rect(1px, 1px, 1px, 1px);\" title=\"&#8220;Eventi per bambini nel weekend del 26, 27 e 28 gennaio tra Varese e provincia&#8221; &#8212; VareseNews\" src=\"https:\/\/www.varesenews.it\/2024\/01\/eventi-per-bambini-nel-weekend-del-26-27-e-28-gennaio-tra-varese-e-provincia\/1828156\/embed\/#?secret=J69fFVZlmE#?secret=Vd1hb8wGLY\" data-secret=\"Vd1hb8wGLY\" width=\"500\" height=\"282\" frameborder=\"0\" marginwidth=\"0\" marginheight=\"0\" scrolling=\"no\"><\/iframe>","_oembed_time_e7d2dd0867f258f630ed283fb41f6948":"1707046073","_oembed_25e7e8a6cf9d853f1ef3b543179999eb":"<blockquote class=\"wp-embedded-content\" data-secret=\"IC5gU8ze5R\"><a href=\"https:\/\/www.varesenews.it\/2023\/11\/nuovi-criteri-per-i-ristorni-bastera-il-3-di-frontalieri-per-averne-diritto-per-la-prima-volta-li-avra-anche-varese\/1779845\/\">Nuovi criteri per i ristorni: li avranno i comuni con il 3% di frontalieri. Per la prima volta anche Varese<\/a><\/blockquote><iframe class=\"wp-embedded-content\" sandbox=\"allow-scripts\" security=\"restricted\" style=\"position: absolute; clip: rect(1px, 1px, 1px, 1px);\" title=\"&#8220;Nuovi criteri per i ristorni: li avranno i comuni con il 3% di frontalieri. Per la prima volta anche Varese&#8221; &#8212; VareseNews\" src=\"https:\/\/www.varesenews.it\/2023\/11\/nuovi-criteri-per-i-ristorni-bastera-il-3-di-frontalieri-per-averne-diritto-per-la-prima-volta-li-avra-anche-varese\/1779845\/embed\/#?secret=G10D3rfKgd#?secret=IC5gU8ze5R\" data-secret=\"IC5gU8ze5R\" width=\"500\" height=\"282\" frameborder=\"0\" marginwidth=\"0\" marginheight=\"0\" scrolling=\"no\"><\/iframe>","_oembed_time_25e7e8a6cf9d853f1ef3b543179999eb":"1707046073","_oembed_0507ab17a0a24b17245b03092a866a5f":"<blockquote class=\"wp-embedded-content\" data-secret=\"smuLk0A27t\"><a href=\"https:\/\/www.varesenews.it\/2024\/01\/il-nuovo-accordo-fiscale-rendera-meno-attraente-il-lavoro-in-svizzera\/1812730\/\">Il nuovo accordo fiscale render\u00e0 meno attraente il lavoro dei frontalieri in Svizzera?<\/a><\/blockquote><iframe class=\"wp-embedded-content\" sandbox=\"allow-scripts\" security=\"restricted\" style=\"position: absolute; clip: rect(1px, 1px, 1px, 1px);\" title=\"&#8220;Il nuovo accordo fiscale render\u00e0 meno attraente il lavoro dei frontalieri in Svizzera?&#8221; &#8212; VareseNews\" src=\"https:\/\/www.varesenews.it\/2024\/01\/il-nuovo-accordo-fiscale-rendera-meno-attraente-il-lavoro-in-svizzera\/1812730\/embed\/#?secret=dlQQMKgo0R#?secret=smuLk0A27t\" data-secret=\"smuLk0A27t\" width=\"500\" height=\"282\" frameborder=\"0\" marginwidth=\"0\" marginheight=\"0\" scrolling=\"no\"><\/iframe>","_oembed_time_0507ab17a0a24b17245b03092a866a5f":"1707046073","_oembed_7d098940f0185ee602b8d16b6929a79e":"<blockquote class=\"wp-embedded-content\" data-secret=\"5xVu5bE9it\"><a href=\"https:\/\/www.varesenews.it\/2024\/02\/il-grande-caldo-si-e-mangiato-linverno-neve-sciolta-in-una-settimana\/1832514\/\">Il grande caldo si \u00e8 mangiato l\u2019inverno: \u201cNeve sciolta in una settimana\u201d<\/a><\/blockquote><iframe class=\"wp-embedded-content\" sandbox=\"allow-scripts\" security=\"restricted\" style=\"position: absolute; clip: rect(1px, 1px, 1px, 1px);\" title=\"&#8220;Il grande caldo si \u00e8 mangiato l\u2019inverno: \u201cNeve sciolta in una settimana\u201d&#8221; &#8212; VareseNews\" src=\"https:\/\/www.varesenews.it\/2024\/02\/il-grande-caldo-si-e-mangiato-linverno-neve-sciolta-in-una-settimana\/1832514\/embed\/#?secret=fcZEqF1lmQ#?secret=5xVu5bE9it\" data-secret=\"5xVu5bE9it\" width=\"500\" height=\"282\" frameborder=\"0\" marginwidth=\"0\" marginheight=\"0\" scrolling=\"no\"><\/iframe>","_oembed_time_7d098940f0185ee602b8d16b6929a79e":"1707046109","_oembed_be533d65cd559c69d232b773f6251cf7":"<blockquote class=\"wp-embedded-content\" data-secret=\"UptCbxgqmF\"><a href=\"https:\/\/www.varesenews.it\/2023\/05\/anche-malnate-avra-la-sua-casa-di-comunita\/1618778\/\">Anche Malnate avr\u00e0 la sua Casa di Comunit\u00e0<\/a><\/blockquote><iframe class=\"wp-embedded-content\" sandbox=\"allow-scripts\" security=\"restricted\" style=\"position: absolute; clip: rect(1px, 1px, 1px, 1px);\" title=\"&#8220;Anche Malnate avr\u00e0 la sua Casa di Comunit\u00e0&#8221; &#8212; VareseNews\" src=\"https:\/\/www.varesenews.it\/2023\/05\/anche-malnate-avra-la-sua-casa-di-comunita\/1618778\/embed\/#?secret=Fm77RdNjlw#?secret=UptCbxgqmF\" data-secret=\"UptCbxgqmF\" width=\"500\" height=\"282\" frameborder=\"0\" marginwidth=\"0\" marginheight=\"0\" scrolling=\"no\"><\/iframe>","_oembed_time_be533d65cd559c69d232b773f6251cf7":"1707046109","_oembed_4e3d05a7c0bc0e97552407ad22725e3d":"<blockquote class=\"wp-embedded-content\" data-secret=\"P0bmpDpcS6\"><a href=\"https:\/\/www.varesenews.it\/2024\/01\/due-bambini-investiti-sulle-strisce-pedonali-a-somma-lombardo\/1831407\/\">Due bambini investiti sulle strisce pedonali a Somma Lombardo<\/a><\/blockquote><iframe class=\"wp-embedded-content\" sandbox=\"allow-scripts\" security=\"restricted\" style=\"position: absolute; clip: rect(1px, 1px, 1px, 1px);\" title=\"&#8220;Due bambini investiti sulle strisce pedonali a Somma Lombardo&#8221; &#8212; VareseNews\" src=\"https:\/\/www.varesenews.it\/2024\/01\/due-bambini-investiti-sulle-strisce-pedonali-a-somma-lombardo\/1831407\/embed\/#?secret=26OGHnN1ys#?secret=P0bmpDpcS6\" data-secret=\"P0bmpDpcS6\" width=\"500\" height=\"282\" frameborder=\"0\" marginwidth=\"0\" marginheight=\"0\" scrolling=\"no\"><\/iframe>","_oembed_time_4e3d05a7c0bc0e97552407ad22725e3d":"1707046234","_oembed_0cbc2d5c1051c8ef412679c39fd64cd2":"<blockquote class=\"wp-embedded-content\" data-secret=\"dm59AM1p4u\"><a href=\"https:\/\/www.varesenews.it\/2024\/01\/venerdi-la-giornata-dei-calzini-spaiati-per-linclusione-al-lavoro-a-scuola-o-in-biblioteca\/1831329\/\">Venerd\u00ec la Giornata dei calzini spaiati per l&#8217;inclusione al lavoro, a scuola o in biblioteca<\/a><\/blockquote><iframe class=\"wp-embedded-content\" sandbox=\"allow-scripts\" security=\"restricted\" style=\"position: absolute; clip: rect(1px, 1px, 1px, 1px);\" title=\"&#8220;Venerd\u00ec la Giornata dei calzini spaiati per l&#8217;inclusione al lavoro, a scuola o in biblioteca&#8221; &#8212; VareseNews\" src=\"https:\/\/www.varesenews.it\/2024\/01\/venerdi-la-giornata-dei-calzini-spaiati-per-linclusione-al-lavoro-a-scuola-o-in-biblioteca\/1831329\/embed\/#?secret=M0YKR70Fhw#?secret=dm59AM1p4u\" data-secret=\"dm59AM1p4u\" width=\"500\" height=\"282\" frameborder=\"0\" marginwidth=\"0\" marginheight=\"0\" scrolling=\"no\"><\/iframe>","_oembed_time_0cbc2d5c1051c8ef412679c39fd64cd2":"1707046415","_oembed_ccd5283ceb61ddb854489a750101a4be":"<blockquote class=\"wp-embedded-content\" data-secret=\"HgF1YB0BQo\"><a href=\"https:\/\/www.varesenews.it\/2023\/12\/bando-ready-to-play-ecco-i-progetti-che-hanno-ottenuto-il-finanziamento\/1804135\/\">Bando Ready to play. Ecco i progetti che hanno ottenuto il finanziamento<\/a><\/blockquote><iframe class=\"wp-embedded-content\" sandbox=\"allow-scripts\" security=\"restricted\" style=\"position: absolute; clip: rect(1px, 1px, 1px, 1px);\" title=\"&#8220;Bando Ready to play. Ecco i progetti che hanno ottenuto il finanziamento&#8221; &#8212; VareseNews\" src=\"https:\/\/www.varesenews.it\/2023\/12\/bando-ready-to-play-ecco-i-progetti-che-hanno-ottenuto-il-finanziamento\/1804135\/embed\/#?secret=6cWu3oiM9U#?secret=HgF1YB0BQo\" data-secret=\"HgF1YB0BQo\" width=\"500\" height=\"282\" frameborder=\"0\" marginwidth=\"0\" marginheight=\"0\" scrolling=\"no\"><\/iframe>","_oembed_time_ccd5283ceb61ddb854489a750101a4be":"1707046415"},"photos":[{"original":"https:\/\/www.varesenews.it\/photogallery_new\/images\/2024\/02\/generico-29-jan-2024-1591293.jpg","full":"https:\/\/www.varesenews.it\/photogallery_new\/images\/2024\/02\/generico-29-jan-2024-1591293.1024x768.jpg","large":"https:\/\/www.varesenews.it\/photogallery_new\/images\/2024\/02\/generico-29-jan-2024-1591293.610x431.jpg"}],"_links":{"self":[{"href":"https:\/\/www.varesenews.it\/swgapi\/v1\/wp\/v2\/posts\/1835862"}],"collection":[{"href":"https:\/\/www.varesenews.it\/swgapi\/v1\/wp\/v2\/posts"}],"about":[{"href":"https:\/\/www.varesenews.it\/swgapi\/v1\/wp\/v2\/types\/post"}],"author":[{"embeddable":true,"href":"https:\/\/www.varesenews.it\/swgapi\/v1\/wp\/v2\/users\/39"}],"replies":[{"embeddable":true,"href":"https:\/\/www.varesenews.it\/swgapi\/v1\/wp\/v2\/comments?post=1835862"}],"version-history":[{"count":0,"href":"https:\/\/www.varesenews.it\/swgapi\/v1\/wp\/v2\/posts\/1835862\/revisions"}],"wp:attachment":[{"href":"https:\/\/www.varesenews.it\/swgapi\/v1\/wp\/v2\/media?parent=1835862"}],"wp:term":[{"taxonomy":"category","embeddable":true,"href":"https:\/\/www.varesenews.it\/swgapi\/v1\/wp\/v2\/categories?post=1835862"},{"taxonomy":"post_tag","embeddable":true,"href":"https:\/\/www.varesenews.it\/swgapi\/v1\/wp\/v2\/tags?post=1835862"}],"curies":[{"name":"wp","href":"https:\/\/api.w.org\/{rel}","templated":true}]}}