{"id":258509,"date":"2006-02-15T00:00:00","date_gmt":"2006-02-15T00:00:00","guid":{"rendered":""},"modified":"2006-02-15T00:00:00","modified_gmt":"2006-02-15T00:00:00","slug":"ponte-sul-ticino-e-circonvallazione-di-romagnano-due-opere-in-cantiere","status":"publish","type":"post","link":"https:\/\/www.varesenews.it\/2006\/02\/ponte-sul-ticino-e-circonvallazione-di-romagnano-due-opere-in-cantiere\/258509\/","title":{"rendered":"Ponte sul Ticino e circonvallazione di Romagnano: due opere in cantiere"},"content":{"rendered":"<p class=\"MsoNormal\" style=\"MARGIN: 0cm 0cm 0pt; TEXT-ALIGN: justify\"><span style=\"FONT-FAMILY: Arial\">Al via il bando di gara per la progettazione del nuovo ponte sul Ticino.<\/p>\n<p \/><\/span><\/p>\n<p class=\"MsoNormal\" style=\"MARGIN: 0cm 0cm 0pt; TEXT-ALIGN: justify\"><span style=\"FONT-FAMILY: Arial\">Il vecchio ponte \u2013 in uso dalla fine dell\u2019Ottocento<span style=\"mso-spacerun: yes\">\u00a0 <\/span>\u2013 e su cui ancora oggi si va a senso unico alternato \u201ca vista\u201d andr\u00e0 in pensione. <\/p>\n<p \/><\/span><\/p>\n<p class=\"MsoNormal\" style=\"MARGIN: 0cm 0cm 0pt; TEXT-ALIGN: justify\"><span style=\"FONT-FAMILY: Arial\">Il progetto si concretizza grazie all\u2019inserimento nella finanziaria di 11 milioni di euro (destinati al nuovo ponte) e a un finanziamento della Regione Piemonte. <\/p>\n<p \/><\/span><\/p>\n<p class=\"MsoNormal\" style=\"MARGIN: 0cm 0cm 0pt; TEXT-ALIGN: justify\"><span style=\"FONT-FAMILY: Arial\">Il ponte, seppur datato, unisce il Piemonte alla Lombardia e porta all\u2019aeroporto internazionale della Malpensa; costituisce uno dei collegamenti pi\u00f9 importanti del territorio tra Varese Novara sulla strada provinciale 527.<\/p>\n<p \/><\/span><\/p>\n<p class=\"MsoNormal\" style=\"MARGIN: 0cm 0cm 0pt; TEXT-ALIGN: justify\"><span style=\"FONT-FAMILY: Arial\">Ma non \u00e8 tutto in fatto di strade.<span style=\"mso-spacerun: yes\">\u00a0 <\/span><\/p>\n<p \/><\/span><\/p>\n<p class=\"MsoNormal\" style=\"MARGIN: 0cm 0cm 0pt; TEXT-ALIGN: justify\"><span style=\"FONT-FAMILY: Arial\">La giunta Vedovato ha approvato, nella seduta del 15 dicembre 2005,<span style=\"mso-spacerun: yes\">\u00a0 <\/span>la procedura per la gara di appalto per la circonvallazione di Romagnano Sesia. Sar\u00e0 l\u2019impresa a redigere il progetto esecutivo e si stima che l\u2019inizio dei lavori possa avvenire entro settembre.<\/p>\n<p \/><\/span><\/p>\n<p class=\"MsoNormal\" style=\"MARGIN: 0cm 0cm 0pt; TEXT-ALIGN: justify\"><span style=\"FONT-FAMILY: Arial\">Il nuovo collegamento tra la strada provinciale 299 della Valsesia e la strada regionale 142 Biellese a nord est di Romagnano sar\u00e0 lungo circa cinque chilometri.<\/p>\n<p \/><\/span><\/p>\n<p class=\"MsoNormal\" style=\"MARGIN: 0cm 0cm 0pt; TEXT-ALIGN: justify\"><span style=\"FONT-FAMILY: Arial\">Novit\u00e0 anche per quanto riguarda la questione della sicurezza sulla viabilit\u00e0 stradale. Si \u00e8 svolto infatti questa mattina in Prefettura il comitato per l\u2019ordine e la sicurezza pubblica.<\/p>\n<p \/><\/span><\/p>\n<p class=\"MsoNormal\" style=\"MARGIN: 0cm 0cm 0pt; TEXT-ALIGN: justify\"><span style=\"FONT-FAMILY: Arial\">Nel corso della riunione, iI presidente della Provincia di Novara, Sergio Vedovato, ha espresso al Prefetto forti preoccupazioni per l\u2019andamento dei cantieri e per il protrarsi dei lavori sull\u2019autostrada A4 Torino-Milano.<\/p>\n<p \/><\/span><\/p>\n<p class=\"MsoNormal\" style=\"MARGIN: 0cm 0cm 0pt; TEXT-ALIGN: justify\"><span style=\"FONT-FAMILY: Arial\">\u00abNon sono garantite \u2013 ha sottolineato Vedovato \u2013 le condizioni di sicurezza per le auto e per gli automobilisti e il prolungarsi dei lavori in corso ha fatto s\u00ec che il numero degli incidenti anche gravi sia aumentato.<\/p>\n<p \/><\/span><\/p>\n<p class=\"MsoNormal\" style=\"MARGIN: 0cm 0cm 0pt; TEXT-ALIGN: justify\"><span style=\"FONT-FAMILY: Arial\">Ho chiesto al Prefetto \u2013 ha concluso il presidente della Provincia \u2013 un intervento, anche in collegamento con le autorit\u00e0 delle altre province interessate dal passaggio della A4, per assumere insieme iniziative finalizzate a condizioni di sicurezza stradale accettabili\u00bb.<\/span><\/p>\n","protected":false},"excerpt":{"rendered":"<p>La struttura importante per la viabilit\u00e0 tra Vares e Novara: \u00e8 una via d\u2019accesso a Malpensa<\/p>\n","protected":false},"author":10,"featured_media":0,"comment_status":"open","ping_status":"open","sticky":false,"template":"","format":"standard","meta":{"footnotes":""},"categories":[8],"tags":[],"acf":[],"yoast_head":"<!-- This site is optimized with the Yoast SEO plugin v20.1 - https:\/\/yoast.com\/wordpress\/plugins\/seo\/ -->\n<title>Ponte sul Ticino e circonvallazione di Romagnano: due opere in cantiere<\/title>\n<meta name=\"description\" content=\"La struttura importante per la viabilit\u00e0 tra Vares e Novara: \u00e8 una via d\u2019accesso a Malpensa\" \/>\n<meta name=\"robots\" content=\"index, follow, max-snippet:-1, max-image-preview:large, max-video-preview:-1\" \/>\n<link rel=\"canonical\" href=\"https:\/\/www.varesenews.it\/2006\/02\/ponte-sul-ticino-e-circonvallazione-di-romagnano-due-opere-in-cantiere\/258509\/\" \/>\n<meta property=\"og:locale\" content=\"it_IT\" \/>\n<meta property=\"og:type\" content=\"article\" \/>\n<meta property=\"og:title\" content=\"Ponte sul Ticino e circonvallazione di Romagnano: due opere in cantiere\" \/>\n<meta property=\"og:description\" content=\"La struttura importante per la viabilit\u00e0 tra Vares e Novara: \u00e8 una via d\u2019accesso a Malpensa\" \/>\n<meta property=\"og:url\" content=\"https:\/\/www.varesenews.it\/2006\/02\/ponte-sul-ticino-e-circonvallazione-di-romagnano-due-opere-in-cantiere\/258509\/\" \/>\n<meta property=\"og:site_name\" content=\"VareseNews\" \/>\n<meta property=\"article:publisher\" content=\"https:\/\/www.facebook.com\/varesenews\/\" \/>\n<meta property=\"article:published_time\" content=\"2006-02-15T00:00:00+00:00\" \/>\n<meta name=\"author\" content=\"Redazione VareseNews\" \/>\n<meta name=\"twitter:card\" content=\"summary_large_image\" \/>\n<meta name=\"twitter:creator\" content=\"@varesenews\" \/>\n<meta name=\"twitter:site\" content=\"@varesenews\" \/>\n<meta name=\"twitter:label1\" content=\"Scritto da\" \/>\n\t<meta name=\"twitter:data1\" content=\"Redazione VareseNews\" \/>\n\t<meta name=\"twitter:label2\" content=\"Tempo di lettura stimato\" \/>\n\t<meta name=\"twitter:data2\" content=\"2 minuti\" \/>\n<script type=\"application\/ld+json\" class=\"yoast-schema-graph\">{\"@context\":\"https:\/\/schema.org\",\"@graph\":[{\"@type\":\"NewsArticle\",\"@id\":\"https:\/\/www.varesenews.it\/2006\/02\/ponte-sul-ticino-e-circonvallazione-di-romagnano-due-opere-in-cantiere\/258509\/#article\",\"isPartOf\":{\"@id\":\"https:\/\/www.varesenews.it\/2006\/02\/ponte-sul-ticino-e-circonvallazione-di-romagnano-due-opere-in-cantiere\/258509\/\"},\"author\":{\"name\":\"Redazione VareseNews\",\"@id\":\"https:\/\/www.varesenews.it\/#\/schema\/person\/fb20c4da0b7b16c291707a20db73e169\"},\"headline\":\"Ponte sul Ticino e circonvallazione di Romagnano: due opere in cantiere\",\"datePublished\":\"2006-02-15T00:00:00+00:00\",\"dateModified\":\"2006-02-15T00:00:00+00:00\",\"mainEntityOfPage\":{\"@id\":\"https:\/\/www.varesenews.it\/2006\/02\/ponte-sul-ticino-e-circonvallazione-di-romagnano-due-opere-in-cantiere\/258509\/\"},\"wordCount\":311,\"commentCount\":0,\"publisher\":{\"@id\":\"https:\/\/www.varesenews.it\/#organization\"},\"articleSection\":[\"Canton Ticino\"],\"inLanguage\":\"it-IT\",\"potentialAction\":[{\"@type\":\"CommentAction\",\"name\":\"Comment\",\"target\":[\"https:\/\/www.varesenews.it\/2006\/02\/ponte-sul-ticino-e-circonvallazione-di-romagnano-due-opere-in-cantiere\/258509\/#respond\"]}]},{\"@type\":\"WebPage\",\"@id\":\"https:\/\/www.varesenews.it\/2006\/02\/ponte-sul-ticino-e-circonvallazione-di-romagnano-due-opere-in-cantiere\/258509\/\",\"url\":\"https:\/\/www.varesenews.it\/2006\/02\/ponte-sul-ticino-e-circonvallazione-di-romagnano-due-opere-in-cantiere\/258509\/\",\"name\":\"Ponte sul Ticino e circonvallazione di Romagnano: due opere in cantiere\",\"isPartOf\":{\"@id\":\"https:\/\/www.varesenews.it\/#website\"},\"datePublished\":\"2006-02-15T00:00:00+00:00\",\"dateModified\":\"2006-02-15T00:00:00+00:00\",\"description\":\"La struttura importante per la viabilit\u00e0 tra Vares e Novara: \u00e8 una via d\u2019accesso a Malpensa\",\"breadcrumb\":{\"@id\":\"https:\/\/www.varesenews.it\/2006\/02\/ponte-sul-ticino-e-circonvallazione-di-romagnano-due-opere-in-cantiere\/258509\/#breadcrumb\"},\"inLanguage\":\"it-IT\",\"potentialAction\":[{\"@type\":\"ReadAction\",\"target\":[\"https:\/\/www.varesenews.it\/2006\/02\/ponte-sul-ticino-e-circonvallazione-di-romagnano-due-opere-in-cantiere\/258509\/\"]}]},{\"@type\":\"BreadcrumbList\",\"@id\":\"https:\/\/www.varesenews.it\/2006\/02\/ponte-sul-ticino-e-circonvallazione-di-romagnano-due-opere-in-cantiere\/258509\/#breadcrumb\",\"itemListElement\":[{\"@type\":\"ListItem\",\"position\":1,\"name\":\"VN\",\"item\":\"https:\/\/www.varesenews.it\/\"},{\"@type\":\"ListItem\",\"position\":2,\"name\":\"Aree Geografiche\",\"item\":\"https:\/\/www.varesenews.it\/category\/aree-geografiche\/\"},{\"@type\":\"ListItem\",\"position\":3,\"name\":\"Canton Ticino\",\"item\":\"https:\/\/www.varesenews.it\/category\/aree-geografiche\/canton-ticino-2\/\"},{\"@type\":\"ListItem\",\"position\":4,\"name\":\"Ponte sul Ticino e circonvallazione di Romagnano: due opere in cantiere\"}]},{\"@type\":\"WebSite\",\"@id\":\"https:\/\/www.varesenews.it\/#website\",\"url\":\"https:\/\/www.varesenews.it\/\",\"name\":\"VareseNews\",\"description\":\"\",\"publisher\":{\"@id\":\"https:\/\/www.varesenews.it\/#organization\"},\"potentialAction\":[{\"@type\":\"SearchAction\",\"target\":{\"@type\":\"EntryPoint\",\"urlTemplate\":\"https:\/\/www.varesenews.it\/?s={search_term_string}\"},\"query-input\":\"required name=search_term_string\"}],\"inLanguage\":\"it-IT\"},{\"@type\":\"Organization\",\"@id\":\"https:\/\/www.varesenews.it\/#organization\",\"name\":\"VareseWeb Srl\",\"url\":\"https:\/\/www.varesenews.it\/\",\"logo\":{\"@type\":\"ImageObject\",\"inLanguage\":\"it-IT\",\"@id\":\"https:\/\/www.varesenews.it\/#\/schema\/logo\/image\/\",\"url\":\"https:\/\/www.varesenews.it\/wp-content\/uploads\/2023\/08\/VARESEWEB.png\",\"contentUrl\":\"https:\/\/www.varesenews.it\/wp-content\/uploads\/2023\/08\/VARESEWEB.png\",\"width\":304,\"height\":304,\"caption\":\"VareseWeb Srl\"},\"image\":{\"@id\":\"https:\/\/www.varesenews.it\/#\/schema\/logo\/image\/\"},\"sameAs\":[\"https:\/\/www.facebook.com\/varesenews\/\",\"https:\/\/twitter.com\/varesenews\",\"https:\/\/instagram.com\/varesenews\/\"]},{\"@type\":\"Person\",\"@id\":\"https:\/\/www.varesenews.it\/#\/schema\/person\/fb20c4da0b7b16c291707a20db73e169\",\"name\":\"Redazione VareseNews\",\"image\":{\"@type\":\"ImageObject\",\"inLanguage\":\"it-IT\",\"@id\":\"https:\/\/www.varesenews.it\/#\/schema\/person\/image\/\",\"url\":\"https:\/\/www.varesenews.it\/wp-content\/uploads\/2020\/12\/logo_VN_colori_500.png\",\"contentUrl\":\"https:\/\/www.varesenews.it\/wp-content\/uploads\/2020\/12\/logo_VN_colori_500.png\",\"caption\":\"Redazione VareseNews\"},\"url\":\"https:\/\/www.varesenews.it\/persona\/redazione1\/\"}]}<\/script>\n<!-- \/ Yoast SEO plugin. -->","yoast_head_json":{"title":"Ponte sul Ticino e circonvallazione di Romagnano: due opere in cantiere","description":"La struttura importante per la viabilit\u00e0 tra Vares e Novara: \u00e8 una via d\u2019accesso a Malpensa","robots":{"index":"index","follow":"follow","max-snippet":"max-snippet:-1","max-image-preview":"max-image-preview:large","max-video-preview":"max-video-preview:-1"},"canonical":"https:\/\/www.varesenews.it\/2006\/02\/ponte-sul-ticino-e-circonvallazione-di-romagnano-due-opere-in-cantiere\/258509\/","og_locale":"it_IT","og_type":"article","og_title":"Ponte sul Ticino e circonvallazione di Romagnano: due opere in cantiere","og_description":"La struttura importante per la viabilit\u00e0 tra Vares e Novara: \u00e8 una via d\u2019accesso a Malpensa","og_url":"https:\/\/www.varesenews.it\/2006\/02\/ponte-sul-ticino-e-circonvallazione-di-romagnano-due-opere-in-cantiere\/258509\/","og_site_name":"VareseNews","article_publisher":"https:\/\/www.facebook.com\/varesenews\/","article_published_time":"2006-02-15T00:00:00+00:00","author":"Redazione VareseNews","twitter_card":"summary_large_image","twitter_creator":"@varesenews","twitter_site":"@varesenews","twitter_misc":{"Scritto da":"Redazione VareseNews","Tempo di lettura stimato":"2 minuti"},"schema":{"@context":"https:\/\/schema.org","@graph":[{"@type":"NewsArticle","@id":"https:\/\/www.varesenews.it\/2006\/02\/ponte-sul-ticino-e-circonvallazione-di-romagnano-due-opere-in-cantiere\/258509\/#article","isPartOf":{"@id":"https:\/\/www.varesenews.it\/2006\/02\/ponte-sul-ticino-e-circonvallazione-di-romagnano-due-opere-in-cantiere\/258509\/"},"author":{"name":"Redazione VareseNews","@id":"https:\/\/www.varesenews.it\/#\/schema\/person\/fb20c4da0b7b16c291707a20db73e169"},"headline":"Ponte sul Ticino e circonvallazione di Romagnano: due opere in cantiere","datePublished":"2006-02-15T00:00:00+00:00","dateModified":"2006-02-15T00:00:00+00:00","mainEntityOfPage":{"@id":"https:\/\/www.varesenews.it\/2006\/02\/ponte-sul-ticino-e-circonvallazione-di-romagnano-due-opere-in-cantiere\/258509\/"},"wordCount":311,"commentCount":0,"publisher":{"@id":"https:\/\/www.varesenews.it\/#organization"},"articleSection":["Canton Ticino"],"inLanguage":"it-IT","potentialAction":[{"@type":"CommentAction","name":"Comment","target":["https:\/\/www.varesenews.it\/2006\/02\/ponte-sul-ticino-e-circonvallazione-di-romagnano-due-opere-in-cantiere\/258509\/#respond"]}]},{"@type":"WebPage","@id":"https:\/\/www.varesenews.it\/2006\/02\/ponte-sul-ticino-e-circonvallazione-di-romagnano-due-opere-in-cantiere\/258509\/","url":"https:\/\/www.varesenews.it\/2006\/02\/ponte-sul-ticino-e-circonvallazione-di-romagnano-due-opere-in-cantiere\/258509\/","name":"Ponte sul Ticino e circonvallazione di Romagnano: due opere in cantiere","isPartOf":{"@id":"https:\/\/www.varesenews.it\/#website"},"datePublished":"2006-02-15T00:00:00+00:00","dateModified":"2006-02-15T00:00:00+00:00","description":"La struttura importante per la viabilit\u00e0 tra Vares e Novara: \u00e8 una via d\u2019accesso a Malpensa","breadcrumb":{"@id":"https:\/\/www.varesenews.it\/2006\/02\/ponte-sul-ticino-e-circonvallazione-di-romagnano-due-opere-in-cantiere\/258509\/#breadcrumb"},"inLanguage":"it-IT","potentialAction":[{"@type":"ReadAction","target":["https:\/\/www.varesenews.it\/2006\/02\/ponte-sul-ticino-e-circonvallazione-di-romagnano-due-opere-in-cantiere\/258509\/"]}]},{"@type":"BreadcrumbList","@id":"https:\/\/www.varesenews.it\/2006\/02\/ponte-sul-ticino-e-circonvallazione-di-romagnano-due-opere-in-cantiere\/258509\/#breadcrumb","itemListElement":[{"@type":"ListItem","position":1,"name":"VN","item":"https:\/\/www.varesenews.it\/"},{"@type":"ListItem","position":2,"name":"Aree Geografiche","item":"https:\/\/www.varesenews.it\/category\/aree-geografiche\/"},{"@type":"ListItem","position":3,"name":"Canton Ticino","item":"https:\/\/www.varesenews.it\/category\/aree-geografiche\/canton-ticino-2\/"},{"@type":"ListItem","position":4,"name":"Ponte sul Ticino e circonvallazione di Romagnano: due opere in cantiere"}]},{"@type":"WebSite","@id":"https:\/\/www.varesenews.it\/#website","url":"https:\/\/www.varesenews.it\/","name":"VareseNews","description":"","publisher":{"@id":"https:\/\/www.varesenews.it\/#organization"},"potentialAction":[{"@type":"SearchAction","target":{"@type":"EntryPoint","urlTemplate":"https:\/\/www.varesenews.it\/?s={search_term_string}"},"query-input":"required name=search_term_string"}],"inLanguage":"it-IT"},{"@type":"Organization","@id":"https:\/\/www.varesenews.it\/#organization","name":"VareseWeb Srl","url":"https:\/\/www.varesenews.it\/","logo":{"@type":"ImageObject","inLanguage":"it-IT","@id":"https:\/\/www.varesenews.it\/#\/schema\/logo\/image\/","url":"https:\/\/www.varesenews.it\/wp-content\/uploads\/2023\/08\/VARESEWEB.png","contentUrl":"https:\/\/www.varesenews.it\/wp-content\/uploads\/2023\/08\/VARESEWEB.png","width":304,"height":304,"caption":"VareseWeb Srl"},"image":{"@id":"https:\/\/www.varesenews.it\/#\/schema\/logo\/image\/"},"sameAs":["https:\/\/www.facebook.com\/varesenews\/","https:\/\/twitter.com\/varesenews","https:\/\/instagram.com\/varesenews\/"]},{"@type":"Person","@id":"https:\/\/www.varesenews.it\/#\/schema\/person\/fb20c4da0b7b16c291707a20db73e169","name":"Redazione VareseNews","image":{"@type":"ImageObject","inLanguage":"it-IT","@id":"https:\/\/www.varesenews.it\/#\/schema\/person\/image\/","url":"https:\/\/www.varesenews.it\/wp-content\/uploads\/2020\/12\/logo_VN_colori_500.png","contentUrl":"https:\/\/www.varesenews.it\/wp-content\/uploads\/2020\/12\/logo_VN_colori_500.png","caption":"Redazione VareseNews"},"url":"https:\/\/www.varesenews.it\/persona\/redazione1\/"}]}},"post_meta":{"id_old":"43478","argomento":"Novara"},"photos":[],"_links":{"self":[{"href":"https:\/\/www.varesenews.it\/swgapi\/v1\/wp\/v2\/posts\/258509"}],"collection":[{"href":"https:\/\/www.varesenews.it\/swgapi\/v1\/wp\/v2\/posts"}],"about":[{"href":"https:\/\/www.varesenews.it\/swgapi\/v1\/wp\/v2\/types\/post"}],"author":[{"embeddable":true,"href":"https:\/\/www.varesenews.it\/swgapi\/v1\/wp\/v2\/users\/10"}],"replies":[{"embeddable":true,"href":"https:\/\/www.varesenews.it\/swgapi\/v1\/wp\/v2\/comments?post=258509"}],"version-history":[{"count":0,"href":"https:\/\/www.varesenews.it\/swgapi\/v1\/wp\/v2\/posts\/258509\/revisions"}],"wp:attachment":[{"href":"https:\/\/www.varesenews.it\/swgapi\/v1\/wp\/v2\/media?parent=258509"}],"wp:term":[{"taxonomy":"category","embeddable":true,"href":"https:\/\/www.varesenews.it\/swgapi\/v1\/wp\/v2\/categories?post=258509"},{"taxonomy":"post_tag","embeddable":true,"href":"https:\/\/www.varesenews.it\/swgapi\/v1\/wp\/v2\/tags?post=258509"}],"curies":[{"name":"wp","href":"https:\/\/api.w.org\/{rel}","templated":true}]}}