{"id":410525,"date":"2015-10-18T21:50:48","date_gmt":"2015-10-18T19:50:48","guid":{"rendered":"http:\/\/www.varesenews.it\/?p=410525"},"modified":"2015-10-18T21:50:48","modified_gmt":"2015-10-18T19:50:48","slug":"la-unendo-va-a-sprazzi-e-perde-a-scandicci","status":"publish","type":"post","link":"https:\/\/www.varesenews.it\/2015\/10\/la-unendo-va-a-sprazzi-e-perde-a-scandicci\/410525\/","title":{"rendered":"La Unendo va a sprazzi e perde a Scandicci"},"content":{"rendered":"<p>Inizia con una <strong>sconfitta<\/strong> l\u2019avventura in campionato <strong>per la nuova Unendo Yamamay\u00a0<\/strong>che perde in trasferta a Scandicci contro la Savino del Bene con un <strong>secco\u00a03-1<\/strong> (25-17, 21-25, 30-28, 25-15). \u00a0Dopo aver perso piuttosto male il primo set Hagglund e compagne riescono a vincere il secondo riportando la situazione in parit\u00e0. Tanta parte della gara si decide nel terzo che\u00a0sembra non finire mai, in cui sono le troppe imprecisioni nella met\u00e0 campo biancorossa a regalare l&#8217;inerzia del match\u00a0alle toscane. Mencarelli ha provato a cambiare pi\u00f9 volte le carte in tavola, alternando le giocatrici e dando spazio anche alle riserve, ma non sempre con risultati positivi.<\/p>\n<p>Busto paga una\u00a0<strong>Lowe che non brilla<\/strong> (per lei solo 11 punti) e alla quale<strong>\u00a0manca ancora l\u2019intesa<\/strong> con le compagne di squadra. Bella prestazione invece per <strong>Fondriest<\/strong> (10 punti, 58% offensivo e 3 muri) <strong>e Papa<\/strong> (11 punti) che alla loro prima partita in serie A1 non si lasciano impressionare. Top scorer in casa UYBA \u00e8 la turca<strong> Yilmaz con 15 punti<\/strong>.<br \/>\nDall\u2019altra parte della rete top scorer \u00e8 <strong>Nikolova con 20 punti, seguita da Stufi<\/strong> (16 punti e 8 muri) e Toksoy (11).<br \/>\n<strong>Bene anche a muro le padrone di casa<\/strong>\u00a0(14) mentre Busto si ferma soltanto a 5: pesano anche, nell&#8217;economia della gara, anche i tanti gli errori in battuta, ben 15 quelli della Unendo.<\/p>\n<p>C\u2019\u00e8 quindi <strong>ancora tanto da lavorare<\/strong>\u00a0per Mencarelli ma le sue ragazze sono davvero insieme da troppo poco tempo: ci sono ancora tanti meccanismi da cesellare. \u00c8 un gruppo che dimostra di avere tante potenzialit\u00e0 da far vedere al proprio pubblico e che potr\u00e0\u00a0riservare\u00a0soddisfazioni pi\u00f9 avanti.\u00a0Gioved\u00ec sera intanto le farfalle scenderanno sul taraflex del Palayamamay in occasione del <strong>trofeo \u201cBruna Forte\u201d<\/strong> (inizio partita ore 20:30), prima dell\u2019esordio casalingo in campionato contro la neo promossa Bolzano di domenica 25.<\/p>\n<p><strong>LA PARTITA<\/strong> &#8211;\u00a0Come da previsioni, coach Mencarelli schiera in campo capitan Hagglund in regia, Lowe opposto, Pisani e Fondriest al centro, Degradi e Ylmaz in attacco, Poma libero.<br \/>\nIl primo set inizia con lo svantaggio delle biancorosse per 6-2 e anche al time out tecnico la distanza tra le due formazioni rimane immutata <strong>(12-8)<\/strong>. <strong>Toksoy al centro mette in difficolt\u00e0 la difesa<\/strong> bustocca e la Savino del Bene si porta a +5 (15-10). Le ragazze di Mencarelli <strong>pasticciano troppo in ricezione<\/strong> e permettono alle avversarie di fuggire ancora (21-14). Il coach prova\u00a0con i\u00a0cambi a dare freschezza alla squadra e manda in campo Negretti, Papa e Cialfi; un\u2019immensa Fiorin per\u00f2 conquista <strong>ben 8 set point<\/strong> e chiude con una schiacciata (<strong>25-17<\/strong>).<br \/>\nIl secondo parziale inizia in equilibrio e<strong> le due formazioni si rincorrono<\/strong> punto a punto (5-5). Piace\u00a0<strong>l\u2019intesa al centro tra Hagglund e Fondriest<\/strong> che contribuisce a portare la squadra a +2 (10-12). Le farfalle aumentano il proprio vantaggio e sul 18-13 coach Mencarelli mette in campo <strong>Papa su Degradi<\/strong> con l\u2019atleta ligure che dimostra subito di voler portare il proprio contributo alla squadra. Sul 21-22 Mencarelli ferma il gioco per dare indicazioni alle sue ragazze e provare a spezzare il ritorno\u00a0delle toscane; la strategia paga e <strong>Ylmaz chiude il set sul 21-25<\/strong>.<\/p>\n<p>Nel terzo parziale\u00a0<strong>Mencarelli decide di schierare in campo Papa<\/strong> al posto di Degradi. Ancora una volta c\u2019\u00e8 equilibrio e la prima a tentare la fuga \u00e8 proprio la UYBA (5-7). Le toscane per\u00f2 non ci stanno, recuperano e sorpassano sul\u00a012-11. Sprazzi di spettacolo in campo dove <strong>Lowe e Papa martellano<\/strong>\u00a0le avversarie ma <strong>Nikolova dall\u2019altra parte del campo fa lo stesso<\/strong> e guida le compagne sul 16-14. Sul 20-17 Mencarelli manda in panchina Yilmaz e inserisce Degradi nella rotazione in seconda linea ed \u00e8 proprio Alice a firmare il 20-19; bene il libero della UYBA Poma che si tuffa su ogni pallone. Il primo set ball \u00e8 per le padrone di casa ma Fondriest annulla e si va ai vantaggi, per\u00f2 \u00e8 un errore della stessa Fondriest a chiudere il set sul <strong>30-28<\/strong> tra gli applausi del pubblico.<\/p>\n<p><strong>IL FINALE &#8211;<\/strong> Nel quarto parziale in campo c\u2019\u00e8 ancora Papa e<strong> Busto Arsizio inizia subito con un vantaggio di +2<\/strong> (1-3). Le ragazze di coach Bellano per\u00f2 reagiscono subito e si riportano in pareggio.<strong> Tksoy in battuta mette in difficolt\u00e0<\/strong> la difesa bustocca e sul 7-4 Mencarelli ferma il gioco per riportare tranquillit\u00e0 e dare indicazioni. <strong>Angelina<\/strong> entra in campo su Lowe e porta un po\u2019 di nuova determinazione, ma non basta: si va al time out tecnico sul <strong>12-17<\/strong>\u00a0per\u00f2 al rientro le ragazze della UYBA <strong>paiono un po\u2019 scariche.<\/strong> La Savino del Bene allunga ancora (19-11) e tenendo in mano le redini del set, chiude con l\u2019attacco <strong>di Fiorin (25-15<\/strong>).<\/p>\n<p><strong>Savino Del Bene Scandicci-Unendo Yamamay Busto Arsizio 3-1<\/strong> (25-17, 21-25, 30-28, 25-15)<\/p>\n<p><strong>Scandicci:<\/strong> Stufi 16, Alberti, Loda 9, Lotti, Fiorin 9, Pietersen 2, Merlo (L), Toksoy 11, Scacchetti, Giampietri (L), Nikolova 20, Rondon 3.<br \/>\n<strong>Busto Arsizio:<\/strong> Degradi 5, Cialfi, Negretti, Badini ne, Fondriest 10, Hagglund 2, Thibeault ne, Papa 11, Lowe 10, Angelina 2, Yilmaz 15, Pisani 7, Poma (L).<br \/>\n<strong>Arbitri:<\/strong> Zavater-Vagni.<br \/>\n<strong>Note.<\/strong> Scandicci: battute sbagliate 9, ace 3, muri 14. Busto Arsizio: battute sbagliate 15, ace 1, muri 5. Durata set: 26\u2019 29\u2019 37\u2019 24\u2019. Spettatori: 1200<\/p>\n","protected":false},"excerpt":{"rendered":"<p>La squadra di Mencarelli appare ancora indietro nel gioco collettivo, le toscane ne approfittano (3-1). Il terzo set \u00e8 l&#8217;ago della bilancia, brave le esordienti Papa e Fondriest<\/p>\n","protected":false},"author":38,"featured_media":0,"comment_status":"open","ping_status":"open","sticky":false,"template":"","format":"standard","meta":{"footnotes":""},"categories":[4,14],"tags":[30454,255,410],"acf":[],"yoast_head":"<!-- This site is optimized with the Yoast SEO plugin v20.1 - https:\/\/yoast.com\/wordpress\/plugins\/seo\/ -->\n<title>La Unendo va a sprazzi e perde a Scandicci<\/title>\n<meta name=\"description\" content=\"La squadra di Mencarelli appare ancora indietro nel gioco collettivo, le toscane ne approfittano (3-1). Il terzo set \u00e8 l&#039;ago della bilancia, brave le esordienti Papa e Fondriest\" \/>\n<meta name=\"robots\" content=\"index, follow, max-snippet:-1, max-image-preview:large, max-video-preview:-1\" \/>\n<link rel=\"canonical\" href=\"https:\/\/www.varesenews.it\/2015\/10\/la-unendo-va-a-sprazzi-e-perde-a-scandicci\/410525\/\" \/>\n<meta property=\"og:locale\" content=\"it_IT\" \/>\n<meta property=\"og:type\" content=\"article\" \/>\n<meta property=\"og:title\" content=\"La Unendo va a sprazzi e perde a Scandicci\" \/>\n<meta property=\"og:description\" content=\"La squadra di Mencarelli appare ancora indietro nel gioco collettivo, le toscane ne approfittano (3-1). Il terzo set \u00e8 l&#039;ago della bilancia, brave le esordienti Papa e Fondriest\" \/>\n<meta property=\"og:url\" content=\"https:\/\/www.varesenews.it\/2015\/10\/la-unendo-va-a-sprazzi-e-perde-a-scandicci\/410525\/\" \/>\n<meta property=\"og:site_name\" content=\"VareseNews\" \/>\n<meta property=\"article:publisher\" content=\"https:\/\/www.facebook.com\/varesenews\/\" \/>\n<meta property=\"article:published_time\" content=\"2015-10-18T19:50:48+00:00\" \/>\n<meta name=\"author\" content=\"Damiano Franzetti\" \/>\n<meta name=\"twitter:card\" content=\"summary_large_image\" \/>\n<meta name=\"twitter:creator\" content=\"@damianofranz\" \/>\n<meta name=\"twitter:site\" content=\"@varesenews\" \/>\n<meta name=\"twitter:label1\" content=\"Scritto da\" \/>\n\t<meta name=\"twitter:data1\" content=\"Damiano Franzetti\" \/>\n\t<meta name=\"twitter:label2\" content=\"Tempo di lettura stimato\" \/>\n\t<meta name=\"twitter:data2\" content=\"4 minuti\" \/>\n<script type=\"application\/ld+json\" class=\"yoast-schema-graph\">{\"@context\":\"https:\/\/schema.org\",\"@graph\":[{\"@type\":\"NewsArticle\",\"@id\":\"https:\/\/www.varesenews.it\/2015\/10\/la-unendo-va-a-sprazzi-e-perde-a-scandicci\/410525\/#article\",\"isPartOf\":{\"@id\":\"https:\/\/www.varesenews.it\/2015\/10\/la-unendo-va-a-sprazzi-e-perde-a-scandicci\/410525\/\"},\"author\":{\"name\":\"Damiano Franzetti\",\"@id\":\"https:\/\/www.varesenews.it\/#\/schema\/person\/709ae3769f6b4dbde8ec332baede8a5b\"},\"headline\":\"La Unendo va a sprazzi e perde a Scandicci\",\"datePublished\":\"2015-10-18T19:50:48+00:00\",\"dateModified\":\"2015-10-18T19:50:48+00:00\",\"mainEntityOfPage\":{\"@id\":\"https:\/\/www.varesenews.it\/2015\/10\/la-unendo-va-a-sprazzi-e-perde-a-scandicci\/410525\/\"},\"wordCount\":833,\"commentCount\":0,\"publisher\":{\"@id\":\"https:\/\/www.varesenews.it\/#organization\"},\"keywords\":[\"futura volley\",\"pallavolo\",\"uyba\"],\"articleSection\":[\"Busto Arsizio\/Altomilanese\",\"Sport\"],\"inLanguage\":\"it-IT\",\"potentialAction\":[{\"@type\":\"CommentAction\",\"name\":\"Comment\",\"target\":[\"https:\/\/www.varesenews.it\/2015\/10\/la-unendo-va-a-sprazzi-e-perde-a-scandicci\/410525\/#respond\"]}]},{\"@type\":\"WebPage\",\"@id\":\"https:\/\/www.varesenews.it\/2015\/10\/la-unendo-va-a-sprazzi-e-perde-a-scandicci\/410525\/\",\"url\":\"https:\/\/www.varesenews.it\/2015\/10\/la-unendo-va-a-sprazzi-e-perde-a-scandicci\/410525\/\",\"name\":\"La Unendo va a sprazzi e perde a Scandicci\",\"isPartOf\":{\"@id\":\"https:\/\/www.varesenews.it\/#website\"},\"datePublished\":\"2015-10-18T19:50:48+00:00\",\"dateModified\":\"2015-10-18T19:50:48+00:00\",\"description\":\"La squadra di Mencarelli appare ancora indietro nel gioco collettivo, le toscane ne approfittano (3-1). Il terzo set \u00e8 l'ago della bilancia, brave le esordienti Papa e Fondriest\",\"breadcrumb\":{\"@id\":\"https:\/\/www.varesenews.it\/2015\/10\/la-unendo-va-a-sprazzi-e-perde-a-scandicci\/410525\/#breadcrumb\"},\"inLanguage\":\"it-IT\",\"potentialAction\":[{\"@type\":\"ReadAction\",\"target\":[\"https:\/\/www.varesenews.it\/2015\/10\/la-unendo-va-a-sprazzi-e-perde-a-scandicci\/410525\/\"]}]},{\"@type\":\"BreadcrumbList\",\"@id\":\"https:\/\/www.varesenews.it\/2015\/10\/la-unendo-va-a-sprazzi-e-perde-a-scandicci\/410525\/#breadcrumb\",\"itemListElement\":[{\"@type\":\"ListItem\",\"position\":1,\"name\":\"VN\",\"item\":\"https:\/\/www.varesenews.it\/\"},{\"@type\":\"ListItem\",\"position\":2,\"name\":\"Aree Geografiche\",\"item\":\"https:\/\/www.varesenews.it\/category\/aree-geografiche\/\"},{\"@type\":\"ListItem\",\"position\":3,\"name\":\"Busto Arsizio\/Altomilanese\",\"item\":\"https:\/\/www.varesenews.it\/category\/aree-geografiche\/busto-arsizio-alto-milanese\/\"},{\"@type\":\"ListItem\",\"position\":4,\"name\":\"La Unendo va a sprazzi e perde a Scandicci\"}]},{\"@type\":\"WebSite\",\"@id\":\"https:\/\/www.varesenews.it\/#website\",\"url\":\"https:\/\/www.varesenews.it\/\",\"name\":\"VareseNews\",\"description\":\"\",\"publisher\":{\"@id\":\"https:\/\/www.varesenews.it\/#organization\"},\"potentialAction\":[{\"@type\":\"SearchAction\",\"target\":{\"@type\":\"EntryPoint\",\"urlTemplate\":\"https:\/\/www.varesenews.it\/?s={search_term_string}\"},\"query-input\":\"required name=search_term_string\"}],\"inLanguage\":\"it-IT\"},{\"@type\":\"Organization\",\"@id\":\"https:\/\/www.varesenews.it\/#organization\",\"name\":\"VareseWeb Srl\",\"url\":\"https:\/\/www.varesenews.it\/\",\"logo\":{\"@type\":\"ImageObject\",\"inLanguage\":\"it-IT\",\"@id\":\"https:\/\/www.varesenews.it\/#\/schema\/logo\/image\/\",\"url\":\"https:\/\/www.varesenews.it\/wp-content\/uploads\/2023\/08\/VARESEWEB.png\",\"contentUrl\":\"https:\/\/www.varesenews.it\/wp-content\/uploads\/2023\/08\/VARESEWEB.png\",\"width\":304,\"height\":304,\"caption\":\"VareseWeb Srl\"},\"image\":{\"@id\":\"https:\/\/www.varesenews.it\/#\/schema\/logo\/image\/\"},\"sameAs\":[\"https:\/\/www.facebook.com\/varesenews\/\",\"https:\/\/twitter.com\/varesenews\",\"https:\/\/instagram.com\/varesenews\/\"]},{\"@type\":\"Person\",\"@id\":\"https:\/\/www.varesenews.it\/#\/schema\/person\/709ae3769f6b4dbde8ec332baede8a5b\",\"name\":\"Damiano Franzetti\",\"image\":{\"@type\":\"ImageObject\",\"inLanguage\":\"it-IT\",\"@id\":\"https:\/\/www.varesenews.it\/#\/schema\/person\/image\/\",\"url\":\"https:\/\/www.varesenews.it\/wp-content\/uploads\/2020\/12\/damiano_franzetti_colori_500.jpg\",\"contentUrl\":\"https:\/\/www.varesenews.it\/wp-content\/uploads\/2020\/12\/damiano_franzetti_colori_500.jpg\",\"caption\":\"Damiano Franzetti\"},\"description\":\"Classe 1976, una laurea (nel cassetto) in scienze e tecnologie alimentari; sono giornalista professionista dal 2009 nato e cresciuto con VareseNews dove mi occupo soprattutto di sport ormai da vent&rsquo;anni. Inviato sui campi (sulle piste, sulle strade...), intervistatore, coordinatore e responsabile delle pagine sportive, mi ritaglio volentieri lo spazio per scrivere di birra sul blog Malto Gradimento. Ho seguito innumerevoli campionati di Serie A di basket, di serie B di calcio, due Mondiali di ciclismo, qualche Giro d&rsquo;;Italia e tanto altro ancora. Collaboro con Tuttosport e altre testate, mi diletto di social. Ho una moglie, un figlio, vivo nella mia Gemonio e ho purtroppo smesso con il basket giocato. &nbsp;\",\"sameAs\":[\"damianofranz\",\"https:\/\/www.linkedin.com\/profile\/view?id=241597124&trk=nav_responsive_tab_profile\",\"https:\/\/twitter.com\/damianofranz\"],\"url\":\"https:\/\/www.varesenews.it\/persona\/damiano_franzetti-2\/\"}]}<\/script>\n<!-- \/ Yoast SEO plugin. -->","yoast_head_json":{"title":"La Unendo va a sprazzi e perde a Scandicci","description":"La squadra di Mencarelli appare ancora indietro nel gioco collettivo, le toscane ne approfittano (3-1). Il terzo set \u00e8 l'ago della bilancia, brave le esordienti Papa e Fondriest","robots":{"index":"index","follow":"follow","max-snippet":"max-snippet:-1","max-image-preview":"max-image-preview:large","max-video-preview":"max-video-preview:-1"},"canonical":"https:\/\/www.varesenews.it\/2015\/10\/la-unendo-va-a-sprazzi-e-perde-a-scandicci\/410525\/","og_locale":"it_IT","og_type":"article","og_title":"La Unendo va a sprazzi e perde a Scandicci","og_description":"La squadra di Mencarelli appare ancora indietro nel gioco collettivo, le toscane ne approfittano (3-1). Il terzo set \u00e8 l'ago della bilancia, brave le esordienti Papa e Fondriest","og_url":"https:\/\/www.varesenews.it\/2015\/10\/la-unendo-va-a-sprazzi-e-perde-a-scandicci\/410525\/","og_site_name":"VareseNews","article_publisher":"https:\/\/www.facebook.com\/varesenews\/","article_published_time":"2015-10-18T19:50:48+00:00","author":"Damiano Franzetti","twitter_card":"summary_large_image","twitter_creator":"@damianofranz","twitter_site":"@varesenews","twitter_misc":{"Scritto da":"Damiano Franzetti","Tempo di lettura stimato":"4 minuti"},"schema":{"@context":"https:\/\/schema.org","@graph":[{"@type":"NewsArticle","@id":"https:\/\/www.varesenews.it\/2015\/10\/la-unendo-va-a-sprazzi-e-perde-a-scandicci\/410525\/#article","isPartOf":{"@id":"https:\/\/www.varesenews.it\/2015\/10\/la-unendo-va-a-sprazzi-e-perde-a-scandicci\/410525\/"},"author":{"name":"Damiano Franzetti","@id":"https:\/\/www.varesenews.it\/#\/schema\/person\/709ae3769f6b4dbde8ec332baede8a5b"},"headline":"La Unendo va a sprazzi e perde a Scandicci","datePublished":"2015-10-18T19:50:48+00:00","dateModified":"2015-10-18T19:50:48+00:00","mainEntityOfPage":{"@id":"https:\/\/www.varesenews.it\/2015\/10\/la-unendo-va-a-sprazzi-e-perde-a-scandicci\/410525\/"},"wordCount":833,"commentCount":0,"publisher":{"@id":"https:\/\/www.varesenews.it\/#organization"},"keywords":["futura volley","pallavolo","uyba"],"articleSection":["Busto Arsizio\/Altomilanese","Sport"],"inLanguage":"it-IT","potentialAction":[{"@type":"CommentAction","name":"Comment","target":["https:\/\/www.varesenews.it\/2015\/10\/la-unendo-va-a-sprazzi-e-perde-a-scandicci\/410525\/#respond"]}]},{"@type":"WebPage","@id":"https:\/\/www.varesenews.it\/2015\/10\/la-unendo-va-a-sprazzi-e-perde-a-scandicci\/410525\/","url":"https:\/\/www.varesenews.it\/2015\/10\/la-unendo-va-a-sprazzi-e-perde-a-scandicci\/410525\/","name":"La Unendo va a sprazzi e perde a Scandicci","isPartOf":{"@id":"https:\/\/www.varesenews.it\/#website"},"datePublished":"2015-10-18T19:50:48+00:00","dateModified":"2015-10-18T19:50:48+00:00","description":"La squadra di Mencarelli appare ancora indietro nel gioco collettivo, le toscane ne approfittano (3-1). Il terzo set \u00e8 l'ago della bilancia, brave le esordienti Papa e Fondriest","breadcrumb":{"@id":"https:\/\/www.varesenews.it\/2015\/10\/la-unendo-va-a-sprazzi-e-perde-a-scandicci\/410525\/#breadcrumb"},"inLanguage":"it-IT","potentialAction":[{"@type":"ReadAction","target":["https:\/\/www.varesenews.it\/2015\/10\/la-unendo-va-a-sprazzi-e-perde-a-scandicci\/410525\/"]}]},{"@type":"BreadcrumbList","@id":"https:\/\/www.varesenews.it\/2015\/10\/la-unendo-va-a-sprazzi-e-perde-a-scandicci\/410525\/#breadcrumb","itemListElement":[{"@type":"ListItem","position":1,"name":"VN","item":"https:\/\/www.varesenews.it\/"},{"@type":"ListItem","position":2,"name":"Aree Geografiche","item":"https:\/\/www.varesenews.it\/category\/aree-geografiche\/"},{"@type":"ListItem","position":3,"name":"Busto Arsizio\/Altomilanese","item":"https:\/\/www.varesenews.it\/category\/aree-geografiche\/busto-arsizio-alto-milanese\/"},{"@type":"ListItem","position":4,"name":"La Unendo va a sprazzi e perde a Scandicci"}]},{"@type":"WebSite","@id":"https:\/\/www.varesenews.it\/#website","url":"https:\/\/www.varesenews.it\/","name":"VareseNews","description":"","publisher":{"@id":"https:\/\/www.varesenews.it\/#organization"},"potentialAction":[{"@type":"SearchAction","target":{"@type":"EntryPoint","urlTemplate":"https:\/\/www.varesenews.it\/?s={search_term_string}"},"query-input":"required name=search_term_string"}],"inLanguage":"it-IT"},{"@type":"Organization","@id":"https:\/\/www.varesenews.it\/#organization","name":"VareseWeb Srl","url":"https:\/\/www.varesenews.it\/","logo":{"@type":"ImageObject","inLanguage":"it-IT","@id":"https:\/\/www.varesenews.it\/#\/schema\/logo\/image\/","url":"https:\/\/www.varesenews.it\/wp-content\/uploads\/2023\/08\/VARESEWEB.png","contentUrl":"https:\/\/www.varesenews.it\/wp-content\/uploads\/2023\/08\/VARESEWEB.png","width":304,"height":304,"caption":"VareseWeb Srl"},"image":{"@id":"https:\/\/www.varesenews.it\/#\/schema\/logo\/image\/"},"sameAs":["https:\/\/www.facebook.com\/varesenews\/","https:\/\/twitter.com\/varesenews","https:\/\/instagram.com\/varesenews\/"]},{"@type":"Person","@id":"https:\/\/www.varesenews.it\/#\/schema\/person\/709ae3769f6b4dbde8ec332baede8a5b","name":"Damiano Franzetti","image":{"@type":"ImageObject","inLanguage":"it-IT","@id":"https:\/\/www.varesenews.it\/#\/schema\/person\/image\/","url":"https:\/\/www.varesenews.it\/wp-content\/uploads\/2020\/12\/damiano_franzetti_colori_500.jpg","contentUrl":"https:\/\/www.varesenews.it\/wp-content\/uploads\/2020\/12\/damiano_franzetti_colori_500.jpg","caption":"Damiano Franzetti"},"description":"Classe 1976, una laurea (nel cassetto) in scienze e tecnologie alimentari; sono giornalista professionista dal 2009 nato e cresciuto con VareseNews dove mi occupo soprattutto di sport ormai da vent&rsquo;anni. Inviato sui campi (sulle piste, sulle strade...), intervistatore, coordinatore e responsabile delle pagine sportive, mi ritaglio volentieri lo spazio per scrivere di birra sul blog Malto Gradimento. Ho seguito innumerevoli campionati di Serie A di basket, di serie B di calcio, due Mondiali di ciclismo, qualche Giro d&rsquo;;Italia e tanto altro ancora. Collaboro con Tuttosport e altre testate, mi diletto di social. Ho una moglie, un figlio, vivo nella mia Gemonio e ho purtroppo smesso con il basket giocato. &nbsp;","sameAs":["damianofranz","https:\/\/www.linkedin.com\/profile\/view?id=241597124&trk=nav_responsive_tab_profile","https:\/\/twitter.com\/damianofranz"],"url":"https:\/\/www.varesenews.it\/persona\/damiano_franzetti-2\/"}]}},"post_meta":{"_edit_lock":"1445197846:38","_edit_last":"38","_category_permalink":"14","ratings_users":"0","ratings_score":"0","ratings_average":"0","wdfb_og_title":"","wdfb_og_type":"","wdfb_og_description":"","wdfb_og_images":"a:1:{i:0;s:0:\"\";}","wdfb_og_custom_name":"a:1:{i:0;s:0:\"\";}","wdfb_og_custom_value":"a:1:{i:0;s:0:\"\";}","foto":"490629","firma-personalizzata":"Manuela De Gregori","argomento":"Pallavolo","_jd_twitter":"","_jd_tweet_this":"yes","_wpt_short_url":"http:\/\/www.varesenews.it\/2015\/10\/la-unendo-va-a-sprazzi-e-perde-a-scandicci\/410525\/","_wp_jd_target":"http:\/\/www.varesenews.it\/2015\/10\/la-unendo-va-a-sprazzi-e-perde-a-scandicci\/410525\/","_jd_wp_twitter":"a:1:{i:0;s:157:\"La Unendo va a sprazzi e perde a Scandicci http:\/\/www.varesenews.it\/2015\/10\/la-unendo-va-a-sprazzi-e-perde-a-scandicci\/410525\/ #futuravolley #pallavolo #uyba\";}","_wpt_status_message":"Tweet inviato con successo."},"photos":[{"original":"https:\/\/www.varesenews.it\/photogallery_new\/images\/2015\/10\/uyba-scandicci-pallavolo-490629.jpg","full":"https:\/\/www.varesenews.it\/photogallery_new\/images\/2015\/10\/uyba-scandicci-pallavolo-490629.1024x768.jpg","large":"https:\/\/www.varesenews.it\/photogallery_new\/images\/2015\/10\/uyba-scandicci-pallavolo-490629.610x431.jpg"}],"_links":{"self":[{"href":"https:\/\/www.varesenews.it\/swgapi\/v1\/wp\/v2\/posts\/410525"}],"collection":[{"href":"https:\/\/www.varesenews.it\/swgapi\/v1\/wp\/v2\/posts"}],"about":[{"href":"https:\/\/www.varesenews.it\/swgapi\/v1\/wp\/v2\/types\/post"}],"author":[{"embeddable":true,"href":"https:\/\/www.varesenews.it\/swgapi\/v1\/wp\/v2\/users\/38"}],"replies":[{"embeddable":true,"href":"https:\/\/www.varesenews.it\/swgapi\/v1\/wp\/v2\/comments?post=410525"}],"version-history":[{"count":0,"href":"https:\/\/www.varesenews.it\/swgapi\/v1\/wp\/v2\/posts\/410525\/revisions"}],"wp:attachment":[{"href":"https:\/\/www.varesenews.it\/swgapi\/v1\/wp\/v2\/media?parent=410525"}],"wp:term":[{"taxonomy":"category","embeddable":true,"href":"https:\/\/www.varesenews.it\/swgapi\/v1\/wp\/v2\/categories?post=410525"},{"taxonomy":"post_tag","embeddable":true,"href":"https:\/\/www.varesenews.it\/swgapi\/v1\/wp\/v2\/tags?post=410525"}],"curies":[{"name":"wp","href":"https:\/\/api.w.org\/{rel}","templated":true}]}}