{"id":612165,"date":"2017-04-11T14:16:50","date_gmt":"2017-04-11T12:16:50","guid":{"rendered":"http:\/\/www.varesenews.it\/?p=612165"},"modified":"2017-04-11T14:27:21","modified_gmt":"2017-04-11T12:27:21","slug":"saliremo-sulla-torre-robbioni-ai-giardini-via-al-restauro","status":"publish","type":"post","link":"https:\/\/www.varesenews.it\/2017\/04\/saliremo-sulla-torre-robbioni-ai-giardini-via-al-restauro\/612165\/","title":{"rendered":"Saliremo sulla Torre Robbioni ai Giardini, via al restauro"},"content":{"rendered":"<p><strong>E&#8217; iniziata l&#8217;operazione per dotare Varese dei Belvedere pi\u00f9 interessanti,<\/strong> per garantire a cittadini e turisti le vedute paesaggistiche migliori. Dopo il belvedere al Borgo Penasca di San Fermo, la giunta ha presentato il progetto preliminare per il restauro della Torre Robbioni, che in sostanza \u00e8 nota ai cittadini come la torretta di <strong>Villa Mirabello, ai Giardini Estensi.<\/strong><\/p>\n<p><strong>Il Comune la incorpor\u00f2 nel parco nel 1886<\/strong>, anno di acquisizione della villa Mirabello. L\u2019architetto Valeria Marinoni del Comune ha eseguito alcune ricerche sull\u2019immobile per trovare delle descrizioni o planimetrie originali, ma si \u00e8 trovata di fronte alla mancanza dei <strong>documenti pi\u00f9 antichi<\/strong>. Dunque non sappiamo in che anno venne costruita, ma sappiamo per\u00f2 che cosa si debba fare per garantire ai cittadini la possibilit\u00e0 di <strong>salire sulla cima<\/strong> e guardare il panorama.<\/p>\n<p><strong>La situazione esterna della torre \u00e8 buona<\/strong>, ma vanno risolti i problemi di staticit\u00e0 della scala interna, perch\u00e9 va aperta al pubblico. Vanno realizzate indagini materiche su scale e soletta. Gli intonaci presentano diversi strati di conservazione, in alcuni punti il dissesto \u00e8 pi\u00f9 marcato. Nella porta superiore vi sono i serramenti in legno originali.<\/p>\n<p><div class=\"photo-inside-post\"><img decoding=\"async\" loading=\"lazy\" fetchpriority=\"low\" width=\"610\" height=\"431\" src=\"https:\/\/www.varesenews.it\/photogallery_new\/images\/2017\/04\/restauro-torretta-robbioni-604565.610x431.jpg\" alt=\"Restauro Torretta Robbioni\"><\/div><br \/>\n(L&#8217;assessore De Simone)<\/p>\n<p><strong>Gli archetti superiori danno segnali di disgregazione<\/strong>\u00a0e i frammenti vanno cadere sulla prima balaustra. Bisogner\u00e0 quindi installare il ponteggio per effettuare tutti i lavori di progettazione in sicurezza. La torre fu fatta costruire dal Conte Robbioni, prima del 1840, e all&#8217;epoca non era collegata ai Giardini Estensi.<\/p>\n<p>&#8220;Bisogna capire se le scale reggono &#8211; sottolinea l&#8217;architetto Marinoni- e quindi decidere\u00a0quale <strong>consolidamento<\/strong> sar\u00e0 coerente con l&#8217;aspetto del manufatto, un lavoro che andr\u00e0 concordato con la Sovrintendenza dei beni culturali, si tratta infatti di un bene tutelato&#8221;.<\/p>\n<p>&#8220;I belvederi di Varese per ora sono due &#8211; <strong>osserva l&#8217;assessore all&#8217;ambiente Dino De Simone &#8211; nel 2018 ci sar\u00e0 l\u2019apertura dei primi panorami&#8221;.<\/strong><br \/>\nSoddisfatto l&#8217;assessore alla cultura Roberto Cecchi: &#8220;E&#8217; un bell\u2019intervento, che consente di vedere il paesaggio. <strong>Coster\u00e0 150mila euro, ma se negli anni scorsi avessimo fatto manutenzione ordinaria, sarebbe costato il 10 per cento in meno.<\/strong> La strada da seguire per il futuro \u00e8 legato alla visibilit\u00e0 della citt\u00e0 di Varese, ma se abbiamo pi\u00f9 attenzione al patrimonio e lo manteniamo sempre in ordine, spenderemo di meno in futuro&#8221;. I fondi provengono dal progetto regionale Cult city.<\/p>\n","protected":false},"excerpt":{"rendered":"<p>Coster\u00e0 150mila euro e sar\u00e0 finanziato con il progetto regionale Cult city. Partito il progetto preliminare<\/p>\n","protected":false},"author":50,"featured_media":0,"comment_status":"open","ping_status":"open","sticky":false,"template":"","format":"standard","meta":{"footnotes":""},"categories":[2],"tags":[564],"acf":[],"yoast_head":"<!-- This site is optimized with the Yoast SEO plugin v20.1 - https:\/\/yoast.com\/wordpress\/plugins\/seo\/ -->\n<title>Saliremo sulla Torre Robbioni ai Giardini, via al restauro<\/title>\n<meta name=\"description\" content=\"Coster\u00e0 150mila euro e sar\u00e0 finanziato con il progetto regionale Cult city. Partito il progetto preliminare\" \/>\n<meta name=\"robots\" content=\"index, follow, max-snippet:-1, max-image-preview:large, max-video-preview:-1\" \/>\n<link rel=\"canonical\" href=\"https:\/\/www.varesenews.it\/2017\/04\/saliremo-sulla-torre-robbioni-ai-giardini-via-al-restauro\/612165\/\" \/>\n<meta property=\"og:locale\" content=\"it_IT\" \/>\n<meta property=\"og:type\" content=\"article\" \/>\n<meta property=\"og:title\" content=\"Saliremo sulla Torre Robbioni ai Giardini, via al restauro\" \/>\n<meta property=\"og:description\" content=\"Coster\u00e0 150mila euro e sar\u00e0 finanziato con il progetto regionale Cult city. Partito il progetto preliminare\" \/>\n<meta property=\"og:url\" content=\"https:\/\/www.varesenews.it\/2017\/04\/saliremo-sulla-torre-robbioni-ai-giardini-via-al-restauro\/612165\/\" \/>\n<meta property=\"og:site_name\" content=\"VareseNews\" \/>\n<meta property=\"article:publisher\" content=\"https:\/\/www.facebook.com\/varesenews\/\" \/>\n<meta property=\"article:published_time\" content=\"2017-04-11T12:16:50+00:00\" \/>\n<meta property=\"article:modified_time\" content=\"2017-04-11T12:27:21+00:00\" \/>\n<meta name=\"author\" content=\"Roberto Rotondo\" \/>\n<meta name=\"twitter:card\" content=\"summary_large_image\" \/>\n<meta name=\"twitter:creator\" content=\"@robertorotondo\" \/>\n<meta name=\"twitter:site\" content=\"@varesenews\" \/>\n<meta name=\"twitter:label1\" content=\"Scritto da\" \/>\n\t<meta name=\"twitter:data1\" content=\"Roberto Rotondo\" \/>\n\t<meta name=\"twitter:label2\" content=\"Tempo di lettura stimato\" \/>\n\t<meta name=\"twitter:data2\" content=\"2 minuti\" \/>\n<script type=\"application\/ld+json\" class=\"yoast-schema-graph\">{\"@context\":\"https:\/\/schema.org\",\"@graph\":[{\"@type\":\"NewsArticle\",\"@id\":\"https:\/\/www.varesenews.it\/2017\/04\/saliremo-sulla-torre-robbioni-ai-giardini-via-al-restauro\/612165\/#article\",\"isPartOf\":{\"@id\":\"https:\/\/www.varesenews.it\/2017\/04\/saliremo-sulla-torre-robbioni-ai-giardini-via-al-restauro\/612165\/\"},\"author\":{\"name\":\"Roberto Rotondo\",\"@id\":\"https:\/\/www.varesenews.it\/#\/schema\/person\/bace96b9ce1b4905df659e51a83c17fe\"},\"headline\":\"Saliremo sulla Torre Robbioni ai Giardini, via al restauro\",\"datePublished\":\"2017-04-11T12:16:50+00:00\",\"dateModified\":\"2017-04-11T12:27:21+00:00\",\"mainEntityOfPage\":{\"@id\":\"https:\/\/www.varesenews.it\/2017\/04\/saliremo-sulla-torre-robbioni-ai-giardini-via-al-restauro\/612165\/\"},\"wordCount\":390,\"commentCount\":0,\"publisher\":{\"@id\":\"https:\/\/www.varesenews.it\/#organization\"},\"keywords\":[\"giardini estensi\"],\"articleSection\":[\"Varese Laghi\"],\"inLanguage\":\"it-IT\",\"potentialAction\":[{\"@type\":\"CommentAction\",\"name\":\"Comment\",\"target\":[\"https:\/\/www.varesenews.it\/2017\/04\/saliremo-sulla-torre-robbioni-ai-giardini-via-al-restauro\/612165\/#respond\"]}]},{\"@type\":\"WebPage\",\"@id\":\"https:\/\/www.varesenews.it\/2017\/04\/saliremo-sulla-torre-robbioni-ai-giardini-via-al-restauro\/612165\/\",\"url\":\"https:\/\/www.varesenews.it\/2017\/04\/saliremo-sulla-torre-robbioni-ai-giardini-via-al-restauro\/612165\/\",\"name\":\"Saliremo sulla Torre Robbioni ai Giardini, via al restauro\",\"isPartOf\":{\"@id\":\"https:\/\/www.varesenews.it\/#website\"},\"datePublished\":\"2017-04-11T12:16:50+00:00\",\"dateModified\":\"2017-04-11T12:27:21+00:00\",\"description\":\"Coster\u00e0 150mila euro e sar\u00e0 finanziato con il progetto regionale Cult city. Partito il progetto preliminare\",\"breadcrumb\":{\"@id\":\"https:\/\/www.varesenews.it\/2017\/04\/saliremo-sulla-torre-robbioni-ai-giardini-via-al-restauro\/612165\/#breadcrumb\"},\"inLanguage\":\"it-IT\",\"potentialAction\":[{\"@type\":\"ReadAction\",\"target\":[\"https:\/\/www.varesenews.it\/2017\/04\/saliremo-sulla-torre-robbioni-ai-giardini-via-al-restauro\/612165\/\"]}]},{\"@type\":\"BreadcrumbList\",\"@id\":\"https:\/\/www.varesenews.it\/2017\/04\/saliremo-sulla-torre-robbioni-ai-giardini-via-al-restauro\/612165\/#breadcrumb\",\"itemListElement\":[{\"@type\":\"ListItem\",\"position\":1,\"name\":\"VN\",\"item\":\"https:\/\/www.varesenews.it\/\"},{\"@type\":\"ListItem\",\"position\":2,\"name\":\"Aree Geografiche\",\"item\":\"https:\/\/www.varesenews.it\/category\/aree-geografiche\/\"},{\"@type\":\"ListItem\",\"position\":3,\"name\":\"Varese Laghi\",\"item\":\"https:\/\/www.varesenews.it\/category\/aree-geografiche\/varese-laghi\/\"},{\"@type\":\"ListItem\",\"position\":4,\"name\":\"Saliremo sulla Torre Robbioni ai Giardini, via al restauro\"}]},{\"@type\":\"WebSite\",\"@id\":\"https:\/\/www.varesenews.it\/#website\",\"url\":\"https:\/\/www.varesenews.it\/\",\"name\":\"VareseNews\",\"description\":\"\",\"publisher\":{\"@id\":\"https:\/\/www.varesenews.it\/#organization\"},\"potentialAction\":[{\"@type\":\"SearchAction\",\"target\":{\"@type\":\"EntryPoint\",\"urlTemplate\":\"https:\/\/www.varesenews.it\/?s={search_term_string}\"},\"query-input\":\"required name=search_term_string\"}],\"inLanguage\":\"it-IT\"},{\"@type\":\"Organization\",\"@id\":\"https:\/\/www.varesenews.it\/#organization\",\"name\":\"VareseWeb Srl\",\"url\":\"https:\/\/www.varesenews.it\/\",\"logo\":{\"@type\":\"ImageObject\",\"inLanguage\":\"it-IT\",\"@id\":\"https:\/\/www.varesenews.it\/#\/schema\/logo\/image\/\",\"url\":\"https:\/\/www.varesenews.it\/wp-content\/uploads\/2023\/08\/VARESEWEB.png\",\"contentUrl\":\"https:\/\/www.varesenews.it\/wp-content\/uploads\/2023\/08\/VARESEWEB.png\",\"width\":304,\"height\":304,\"caption\":\"VareseWeb Srl\"},\"image\":{\"@id\":\"https:\/\/www.varesenews.it\/#\/schema\/logo\/image\/\"},\"sameAs\":[\"https:\/\/www.facebook.com\/varesenews\/\",\"https:\/\/twitter.com\/varesenews\",\"https:\/\/instagram.com\/varesenews\/\"]},{\"@type\":\"Person\",\"@id\":\"https:\/\/www.varesenews.it\/#\/schema\/person\/bace96b9ce1b4905df659e51a83c17fe\",\"name\":\"Roberto Rotondo\",\"image\":{\"@type\":\"ImageObject\",\"inLanguage\":\"it-IT\",\"@id\":\"https:\/\/www.varesenews.it\/#\/schema\/person\/image\/\",\"url\":\"https:\/\/www.varesenews.it\/wp-content\/uploads\/2015\/03\/10888676_10204734543537926_609787919772941341_n.jpg\",\"contentUrl\":\"https:\/\/www.varesenews.it\/wp-content\/uploads\/2015\/03\/10888676_10204734543537926_609787919772941341_n.jpg\",\"caption\":\"Roberto Rotondo\"},\"description\":\"Nato a Varese nel 1972. Laureato in Storia alla Statale di Milano. A Varese News dal 1998. Ho iniziato a scrivere su riviste locali, poi sono entrato nel progetto di Varese News quando ancora era agli inizi. Nel frattempo mi sono occupato di ricerca storica e ho collaborato con un settimanale e un quotidiano della Svizzera italiana scrivendo di cronaca e politica. Mi sono preso una pausa da Varese nel 2004. Ho lavorato per alcuni anni a Milano all'agenzia di stampa Adnkronos, con qualche stage a Roma nei palazzi della politica. Lanci di agenzia e servizi tv multimediali erano tra i miei compiti. In quegli anni ho lavorato per alcune radio anche nazionali, Radio Capital su tutte, come corrispondente locale. Ho scritto anche per un settimanale di gossip, ma sempre cronaca nera. Ed eccomi qui. Dal 2007 lavoro anche per il Corriere della sera, di cui sono corrispondente. A Varesenews sono ormai uno dei senatori. Mi occupo di cronaca nera, giudiziaria e di politica e della cronaca cittadina di Varese.\",\"sameAs\":[\"robertorotondo\",\"https:\/\/twitter.com\/robertorotondo\"],\"url\":\"https:\/\/www.varesenews.it\/persona\/roberto-rotondo\/\"}]}<\/script>\n<!-- \/ Yoast SEO plugin. -->","yoast_head_json":{"title":"Saliremo sulla Torre Robbioni ai Giardini, via al restauro","description":"Coster\u00e0 150mila euro e sar\u00e0 finanziato con il progetto regionale Cult city. Partito il progetto preliminare","robots":{"index":"index","follow":"follow","max-snippet":"max-snippet:-1","max-image-preview":"max-image-preview:large","max-video-preview":"max-video-preview:-1"},"canonical":"https:\/\/www.varesenews.it\/2017\/04\/saliremo-sulla-torre-robbioni-ai-giardini-via-al-restauro\/612165\/","og_locale":"it_IT","og_type":"article","og_title":"Saliremo sulla Torre Robbioni ai Giardini, via al restauro","og_description":"Coster\u00e0 150mila euro e sar\u00e0 finanziato con il progetto regionale Cult city. Partito il progetto preliminare","og_url":"https:\/\/www.varesenews.it\/2017\/04\/saliremo-sulla-torre-robbioni-ai-giardini-via-al-restauro\/612165\/","og_site_name":"VareseNews","article_publisher":"https:\/\/www.facebook.com\/varesenews\/","article_published_time":"2017-04-11T12:16:50+00:00","article_modified_time":"2017-04-11T12:27:21+00:00","author":"Roberto Rotondo","twitter_card":"summary_large_image","twitter_creator":"@robertorotondo","twitter_site":"@varesenews","twitter_misc":{"Scritto da":"Roberto Rotondo","Tempo di lettura stimato":"2 minuti"},"schema":{"@context":"https:\/\/schema.org","@graph":[{"@type":"NewsArticle","@id":"https:\/\/www.varesenews.it\/2017\/04\/saliremo-sulla-torre-robbioni-ai-giardini-via-al-restauro\/612165\/#article","isPartOf":{"@id":"https:\/\/www.varesenews.it\/2017\/04\/saliremo-sulla-torre-robbioni-ai-giardini-via-al-restauro\/612165\/"},"author":{"name":"Roberto Rotondo","@id":"https:\/\/www.varesenews.it\/#\/schema\/person\/bace96b9ce1b4905df659e51a83c17fe"},"headline":"Saliremo sulla Torre Robbioni ai Giardini, via al restauro","datePublished":"2017-04-11T12:16:50+00:00","dateModified":"2017-04-11T12:27:21+00:00","mainEntityOfPage":{"@id":"https:\/\/www.varesenews.it\/2017\/04\/saliremo-sulla-torre-robbioni-ai-giardini-via-al-restauro\/612165\/"},"wordCount":390,"commentCount":0,"publisher":{"@id":"https:\/\/www.varesenews.it\/#organization"},"keywords":["giardini estensi"],"articleSection":["Varese Laghi"],"inLanguage":"it-IT","potentialAction":[{"@type":"CommentAction","name":"Comment","target":["https:\/\/www.varesenews.it\/2017\/04\/saliremo-sulla-torre-robbioni-ai-giardini-via-al-restauro\/612165\/#respond"]}]},{"@type":"WebPage","@id":"https:\/\/www.varesenews.it\/2017\/04\/saliremo-sulla-torre-robbioni-ai-giardini-via-al-restauro\/612165\/","url":"https:\/\/www.varesenews.it\/2017\/04\/saliremo-sulla-torre-robbioni-ai-giardini-via-al-restauro\/612165\/","name":"Saliremo sulla Torre Robbioni ai Giardini, via al restauro","isPartOf":{"@id":"https:\/\/www.varesenews.it\/#website"},"datePublished":"2017-04-11T12:16:50+00:00","dateModified":"2017-04-11T12:27:21+00:00","description":"Coster\u00e0 150mila euro e sar\u00e0 finanziato con il progetto regionale Cult city. Partito il progetto preliminare","breadcrumb":{"@id":"https:\/\/www.varesenews.it\/2017\/04\/saliremo-sulla-torre-robbioni-ai-giardini-via-al-restauro\/612165\/#breadcrumb"},"inLanguage":"it-IT","potentialAction":[{"@type":"ReadAction","target":["https:\/\/www.varesenews.it\/2017\/04\/saliremo-sulla-torre-robbioni-ai-giardini-via-al-restauro\/612165\/"]}]},{"@type":"BreadcrumbList","@id":"https:\/\/www.varesenews.it\/2017\/04\/saliremo-sulla-torre-robbioni-ai-giardini-via-al-restauro\/612165\/#breadcrumb","itemListElement":[{"@type":"ListItem","position":1,"name":"VN","item":"https:\/\/www.varesenews.it\/"},{"@type":"ListItem","position":2,"name":"Aree Geografiche","item":"https:\/\/www.varesenews.it\/category\/aree-geografiche\/"},{"@type":"ListItem","position":3,"name":"Varese Laghi","item":"https:\/\/www.varesenews.it\/category\/aree-geografiche\/varese-laghi\/"},{"@type":"ListItem","position":4,"name":"Saliremo sulla Torre Robbioni ai Giardini, via al restauro"}]},{"@type":"WebSite","@id":"https:\/\/www.varesenews.it\/#website","url":"https:\/\/www.varesenews.it\/","name":"VareseNews","description":"","publisher":{"@id":"https:\/\/www.varesenews.it\/#organization"},"potentialAction":[{"@type":"SearchAction","target":{"@type":"EntryPoint","urlTemplate":"https:\/\/www.varesenews.it\/?s={search_term_string}"},"query-input":"required name=search_term_string"}],"inLanguage":"it-IT"},{"@type":"Organization","@id":"https:\/\/www.varesenews.it\/#organization","name":"VareseWeb Srl","url":"https:\/\/www.varesenews.it\/","logo":{"@type":"ImageObject","inLanguage":"it-IT","@id":"https:\/\/www.varesenews.it\/#\/schema\/logo\/image\/","url":"https:\/\/www.varesenews.it\/wp-content\/uploads\/2023\/08\/VARESEWEB.png","contentUrl":"https:\/\/www.varesenews.it\/wp-content\/uploads\/2023\/08\/VARESEWEB.png","width":304,"height":304,"caption":"VareseWeb Srl"},"image":{"@id":"https:\/\/www.varesenews.it\/#\/schema\/logo\/image\/"},"sameAs":["https:\/\/www.facebook.com\/varesenews\/","https:\/\/twitter.com\/varesenews","https:\/\/instagram.com\/varesenews\/"]},{"@type":"Person","@id":"https:\/\/www.varesenews.it\/#\/schema\/person\/bace96b9ce1b4905df659e51a83c17fe","name":"Roberto Rotondo","image":{"@type":"ImageObject","inLanguage":"it-IT","@id":"https:\/\/www.varesenews.it\/#\/schema\/person\/image\/","url":"https:\/\/www.varesenews.it\/wp-content\/uploads\/2015\/03\/10888676_10204734543537926_609787919772941341_n.jpg","contentUrl":"https:\/\/www.varesenews.it\/wp-content\/uploads\/2015\/03\/10888676_10204734543537926_609787919772941341_n.jpg","caption":"Roberto Rotondo"},"description":"Nato a Varese nel 1972. Laureato in Storia alla Statale di Milano. A Varese News dal 1998. Ho iniziato a scrivere su riviste locali, poi sono entrato nel progetto di Varese News quando ancora era agli inizi. Nel frattempo mi sono occupato di ricerca storica e ho collaborato con un settimanale e un quotidiano della Svizzera italiana scrivendo di cronaca e politica. Mi sono preso una pausa da Varese nel 2004. Ho lavorato per alcuni anni a Milano all'agenzia di stampa Adnkronos, con qualche stage a Roma nei palazzi della politica. Lanci di agenzia e servizi tv multimediali erano tra i miei compiti. In quegli anni ho lavorato per alcune radio anche nazionali, Radio Capital su tutte, come corrispondente locale. Ho scritto anche per un settimanale di gossip, ma sempre cronaca nera. Ed eccomi qui. Dal 2007 lavoro anche per il Corriere della sera, di cui sono corrispondente. A Varesenews sono ormai uno dei senatori. Mi occupo di cronaca nera, giudiziaria e di politica e della cronaca cittadina di Varese.","sameAs":["robertorotondo","https:\/\/twitter.com\/robertorotondo"],"url":"https:\/\/www.varesenews.it\/persona\/roberto-rotondo\/"}]}},"photos":[{"original":"https:\/\/www.varesenews.it\/photogallery_new\/images\/2016\/11\/villa-mirabello-576758.jpg","full":"https:\/\/www.varesenews.it\/photogallery_new\/images\/2016\/11\/villa-mirabello-576758.1024x768.jpg","large":"https:\/\/www.varesenews.it\/photogallery_new\/images\/2016\/11\/villa-mirabello-576758.610x431.jpg"}],"post_meta":{"_edit_lock":"1491921848:50","_edit_last":"50","_category_permalink":"","wdfb_og_title":"","wdfb_og_type":"","wdfb_og_description":"","wdfb_og_images":"a:1:{i:0;s:0:\"\";}","wdfb_og_custom_name":"a:1:{i:0;s:0:\"\";}","wdfb_og_custom_value":"a:1:{i:0;s:0:\"\";}","_jd_twitter":"","_jd_tweet_this":"yes","ratings_users":"0","ratings_score":"0","ratings_average":"0","foto":"576758","argomento":"Varese","_wpt_short_url":"http:\/\/www.varesenews.it\/2017\/04\/saliremo-sulla-torre-robbioni-ai-giardini-via-al-restauro\/612165\/","_wp_jd_target":"http:\/\/www.varesenews.it\/2017\/04\/saliremo-sulla-torre-robbioni-ai-giardini-via-al-restauro\/612165\/","_jd_wp_twitter":"a:1:{i:0;s:174:\"Saliremo sulla Torre Robbioni ai Giardini, via al restauro http:\/\/www.varesenews.it\/2017\/04\/saliremo-sulla-torre-robbioni-ai-giardini-via-al-restauro\/612165\/ #giardiniestensi\";}","_wpt_status_message":"Tweet inviato con successo."},"_links":{"self":[{"href":"https:\/\/www.varesenews.it\/swgapi\/v1\/wp\/v2\/posts\/612165"}],"collection":[{"href":"https:\/\/www.varesenews.it\/swgapi\/v1\/wp\/v2\/posts"}],"about":[{"href":"https:\/\/www.varesenews.it\/swgapi\/v1\/wp\/v2\/types\/post"}],"author":[{"embeddable":true,"href":"https:\/\/www.varesenews.it\/swgapi\/v1\/wp\/v2\/users\/50"}],"replies":[{"embeddable":true,"href":"https:\/\/www.varesenews.it\/swgapi\/v1\/wp\/v2\/comments?post=612165"}],"version-history":[{"count":0,"href":"https:\/\/www.varesenews.it\/swgapi\/v1\/wp\/v2\/posts\/612165\/revisions"}],"wp:attachment":[{"href":"https:\/\/www.varesenews.it\/swgapi\/v1\/wp\/v2\/media?parent=612165"}],"wp:term":[{"taxonomy":"category","embeddable":true,"href":"https:\/\/www.varesenews.it\/swgapi\/v1\/wp\/v2\/categories?post=612165"},{"taxonomy":"post_tag","embeddable":true,"href":"https:\/\/www.varesenews.it\/swgapi\/v1\/wp\/v2\/tags?post=612165"}],"curies":[{"name":"wp","href":"https:\/\/api.w.org\/{rel}","templated":true}]}}