{"id":646437,"date":"2017-08-23T14:17:01","date_gmt":"2017-08-23T12:17:01","guid":{"rendered":"http:\/\/www.varesenews.it\/?p=646437"},"modified":"2017-08-23T14:17:01","modified_gmt":"2017-08-23T12:17:01","slug":"vaccinazioni-obbligatorie-novita-e-potenziamenti","status":"publish","type":"post","link":"https:\/\/www.varesenews.it\/2017\/08\/vaccinazioni-obbligatorie-novita-e-potenziamenti\/646437\/","title":{"rendered":"Vaccinazioni obbligatorie: novit\u00e0 e potenziamenti"},"content":{"rendered":"<p class=\"p1\"><span class=\"s1\"><strong>Aperture aggiuntive delle sedi vaccinali, aumento del personale del Numero Verde Vaccinazioni e aggiornamento del sito internet.<\/strong> <\/span><\/p>\n<p class=\"p1\"><span class=\"s1\">L\u2019Azienda socio sanitaria territoriale Lariana ha attivato una serie di misure per agevolare gli adempimenti previsti dalla legge n. 119 del 31 luglio 2017 che introduce l\u2019obbligatoriet\u00e0 di dieci vaccini (anti-poliomielitica, anti-difterica, anti-tetanica,\u00a0anti-epatite B, anti-pertosse, anti-Haemophilus influenzae tipo b, anti-morbillo, anti-rosolia, anti-parotite e anti-varicella) per l&#8217;accesso di bambini e ragazzi (0-16 anni) a scuola e ai servizi educativi per l&#8217;infanzia.<\/span><\/p>\n<p class=\"p1\"><span class=\"s1\">Sul sito\u00a0<a href=\"http:\/\/www.asst-lariana.it\/\" target=\"_blank\"><span class=\"s2\">www.asst-lariana.it<\/span><\/a>, nella sezione \u201c<strong>Vaccinazioni<\/strong>\u201d, sono state pubblicate le informazioni necessarie per ottemperare alle scadenze previste dalla normativa nonch\u00e9 la modulistica, in particolare quella per l\u2019autocertificazione delle vaccinazioni gi\u00e0 effettuate, e la tabella contenente fasce d\u2019et\u00e0 e relative vaccinazioni.<\/span><\/p>\n<p class=\"p1\"><span class=\"s1\">Per agevolare le famiglie, l\u2019Asst ha previsto inoltre <b>aperture aggiuntive<\/b>\u00a0degli sportelli dei Centri Vaccinali di <b>Como<\/b>\u00a0(via Crocerossa 1),\u00a0<b>Olgiate Comasco<\/b>\u00a0(via Roma 61) e a\u00a0<b>Cant\u00f9<\/b>\u00a0(via Cavour 10) fino alla fine di ottobre che si sommano a quelle ordinarie, anch\u2019esse indicate sul sito dell\u2019Asst.<\/span><\/p>\n<p class=\"p1\"><span class=\"s1\">Il potenziamento degli sportelli \u00e8 funzionale all&#8217;accoglienza dei genitori di bimbi e ragazzi che ricercano informazioni e devono effettuare prenotazioni di sedute vaccinali o richiedere la certificazione. Fino\u00a0<b>al 10 settembre<\/b>\u00a0i front office saranno dedicati alla fascia d&#8217;et\u00e0\u00a0<b>0\/6<\/b>\u00a0(nido e scuola dell&#8217;infanzia) e\u00a0<b>dall&#8217;11 settembre<\/b>\u00a0al\u00a0<b>31 ottobre<\/b>\u00a0alla fascia d&#8217;et\u00e0\u00a0<b>6\/16<\/b>\u00a0(accesso alle scuole primaria e secondaria). Questo per facilitare l\u2019utenza a essere in linea con le scadenze indicate dalla legge che prevede entro il 10 settembre gli adempimenti per i nidi e le scuole materne e entro il 31 ottobre per le medie e le superiori.<\/span><\/p>\n<p class=\"p1\"><span class=\"s1\">Ecco gli orari in vigore dal\u00a0<b>28 agosto<\/b>:<br \/>\n<\/span><b>Como:<\/b>\u00a0marted\u00ec pomeriggio, dalle 14.00 alle 15.30<br \/>\n<b>Olgiate Comasco:<\/b>\u00a0luned\u00ec pomeriggio, dalle 14.00 alle 15.30<br \/>\n<b>Cant\u00f9:<\/b>\u00a0gioved\u00ec pomeriggio, dalle 14.00 alle 15.30.<\/p>\n<p class=\"p1\"><span class=\"s1\">Nel caso in cui i bambini o i ragazzi non siano stati sottoposti a tutte o ad alcune delle dieci vaccinazioni obbligatorie, i genitori dovranno inviare all\u2019Asst la<strong> formale richiesta di effettuare le vaccinazioni obbligatorie o mancanti tramite e-mail all\u2019indirizzo<\/strong>\u00a0<a href=\"mailto:protocollo@asst-lariana.it\"><span class=\"s2\">protocollo@asst-lariana.it<\/span><\/a>\u00a0o raccomandata A\/R all\u2019indirizzo Asst Lariana, Via Napoleona 60 \u2013 22100 Como. La ricevuta della mail o della raccomandata va allegata all\u2019autocertificazione, scaricabile dal sito.<\/span><\/p>\n<p class=\"p1\"><span class=\"s1\">In alternativa i genitori potranno recarsi di persona nelle sedi delle Aree Territoriali:<\/span><\/p>\n<p class=\"p1\"><span class=\"s1\">&#8211;\u00a0\u00a0\u00a0\u00a0\u00a0\u00a0\u00a0\u00a0\u00a0 Como \u2013 Via Croce Rossa, 1 \u2013 mercoled\u00ec e venerd\u00ec dalle 9.00 alle 11.00<\/span><\/p>\n<p class=\"p1\"><span class=\"s1\">&#8211;\u00a0\u00a0\u00a0\u00a0\u00a0\u00a0\u00a0\u00a0\u00a0 Olgiate Comasco \u2013 Via Roma, 61 &#8211; marted\u00ec e gioved\u00ec dalle 9.00 alle 11.00<\/span><\/p>\n<p class=\"p1\"><span class=\"s1\">&#8211;\u00a0\u00a0\u00a0\u00a0\u00a0\u00a0\u00a0\u00a0\u00a0 Cant\u00f9 \u2013 Via Domea, 4 &#8211; marted\u00ec e gioved\u00ec dalle 9.00 alle 11.00<\/span><\/p>\n<p class=\"p1\"><span class=\"s1\">&#8211;\u00a0\u00a0\u00a0\u00a0\u00a0\u00a0\u00a0\u00a0\u00a0 Ponte Lambro \u2013 Via Verdi, 2 &#8211; marted\u00ec e gioved\u00ec dalle 9.00 alle 11.00.<\/span><\/p>\n<p class=\"p1\"><span class=\"s1\">Infine, le famiglie potranno rivolgersi al Protocollo Centrale di Asst Lariana all\u2019ospedale Sant\u2019Anna, a San Fermo della Battaglia (Via Ravona), al piano terra della Palazzina Uffici. Il Protocollo \u00e8 aperto dal luned\u00ec al venerd\u00ec dalle 8 alle 13 e dalle 14 alle 16.<br \/>\n<\/span>In questi due casi, l\u2019Asst rilascer\u00e0 una ricevuta da consegnare alla scuola insieme all\u2019autocertificazione.<\/p>\n<p class=\"p1\"><span class=\"s1\"><b>Il numero verde<br \/>\n<\/b><\/span>L\u2019Azienda Lariana ha anche provveduto a un ampliamento del personale dedicato al Numero Verde Vaccinazioni\u00a0<strong><a href=\"tel:800%20893%20526\"><span class=\"s2\">800-893526<\/span><\/a><\/strong>, attivo dal luned\u00ec al venerd\u00ec dalle 8.30 alle 12.30, da\u00a0\u00a02 a 3 unit\u00e0: oltre a un amministrativo e un infermiere presenti allo stato attuale, nei mesi di settembre e ottobre sar\u00e0 operativo anche un altro infermiere.<\/p>\n<p class=\"p1\"><span class=\"s1\"><strong>L\u2019Asst, inoltre, si occuper\u00e0 di individuare e invitare i bambini e ragazzi non vaccinati o parzialmente vaccinati, coinvolgendo dapprima i nati negli anni 2012, 2013, 2014 e 2015<\/strong> e successivamente anche gli altri. Le prime convocazioni alle famiglie saranno inviate <strong>dall&#8217;ultima settimana di agosto<\/strong>. L\u2019obiettivo \u00e8 quello di far pervenire al pi\u00f9 presto un invito\/appuntamento per la regolarizzazione dello stato vaccinale che possa costituire anche documentazione utile da presentare al nido o alla scuola.<\/span><\/p>\n<p class=\"p1\"><span class=\"s1\">Infine, gli uffici di settore si stanno occupando della revisione del modello del certificato vaccinale per adattarlo ai contenuti della normativa attuale e facilitare la verifica dell\u2019assolvimento dell\u2019obbligo vaccinale da parte dei genitori e delle scuole.<\/span><\/p>\n<p class=\"p1\"><span class=\"s1\">Per quanto riguarda\u00a0i casi pi\u00f9 complessi da un punto di vista sanitario, l\u2019Azienda ha avviato una collaborazione tra Centri vaccinali e gli specialisti ospedalieri, in particolare con quelli dei reparti di Malattie Infettive, di Pediatria, Neonatologia e Allergologia.<\/span><\/p>\n<p class=\"p1\"><span class=\"s1\">L\u2019Asst sta lavorando anche per trasferire alcune centri vaccinali in spazi pi\u00f9 comodi e accoglienti per utenza e operatori. Quello di via Croce Rossa a Como sar\u00e0 spostato all\u2019inizio del 2018 nel Poliambulatorio di via Napoleona, mentre quello di Cant\u00f9, ora in via Cavour, sar\u00e0 collocato in ospedale tra un paio di mesi, in via Domea (edificio P), accanto al Cup e agli Uffici Scelta e Revoca.<\/span><\/p>\n","protected":false},"excerpt":{"rendered":"<p>Aperture aggiuntive degli sportelli, un numero verde dedicato e le convocazioni per chi dovr\u00e0 regolarizzare la posizione: queste le novit\u00e0 introdotte dall&#8217;Asst Lariana<\/p>\n","protected":false},"author":33,"featured_media":0,"comment_status":"open","ping_status":"open","sticky":false,"template":"","format":"standard","meta":{"footnotes":""},"categories":[7,24],"tags":[56178,56136,1040],"acf":[],"yoast_head":"<!-- This site is optimized with the Yoast SEO plugin v20.1 - https:\/\/yoast.com\/wordpress\/plugins\/seo\/ -->\n<title>Vaccinazioni obbligatorie: novit\u00e0 e potenziamenti<\/title>\n<meta name=\"description\" content=\"Aperture aggiuntive degli sportelli, un numero verde dedicato e le convocazioni per chi dovr\u00e0 regolarizzare la posizione: queste le novit\u00e0 introdotte dall&#039;Asst Lariana\" \/>\n<meta name=\"robots\" content=\"index, follow, max-snippet:-1, max-image-preview:large, max-video-preview:-1\" \/>\n<link rel=\"canonical\" href=\"https:\/\/www.varesenews.it\/2017\/08\/vaccinazioni-obbligatorie-novita-e-potenziamenti\/646437\/\" \/>\n<meta property=\"og:locale\" content=\"it_IT\" \/>\n<meta property=\"og:type\" content=\"article\" \/>\n<meta property=\"og:title\" content=\"Vaccinazioni obbligatorie: novit\u00e0 e potenziamenti\" \/>\n<meta property=\"og:description\" content=\"Aperture aggiuntive degli sportelli, un numero verde dedicato e le convocazioni per chi dovr\u00e0 regolarizzare la posizione: queste le novit\u00e0 introdotte dall&#039;Asst Lariana\" \/>\n<meta property=\"og:url\" content=\"https:\/\/www.varesenews.it\/2017\/08\/vaccinazioni-obbligatorie-novita-e-potenziamenti\/646437\/\" \/>\n<meta property=\"og:site_name\" content=\"VareseNews\" \/>\n<meta property=\"article:publisher\" content=\"https:\/\/www.facebook.com\/varesenews\/\" \/>\n<meta property=\"article:author\" content=\"alessandra.toni7\" \/>\n<meta property=\"article:published_time\" content=\"2017-08-23T12:17:01+00:00\" \/>\n<meta name=\"author\" content=\"Alessandra Toni\" \/>\n<meta name=\"twitter:card\" content=\"summary_large_image\" \/>\n<meta name=\"twitter:creator\" content=\"@alessandra_toni\" \/>\n<meta name=\"twitter:site\" content=\"@varesenews\" \/>\n<meta name=\"twitter:label1\" content=\"Scritto da\" \/>\n\t<meta name=\"twitter:data1\" content=\"Alessandra Toni\" \/>\n\t<meta name=\"twitter:label2\" content=\"Tempo di lettura stimato\" \/>\n\t<meta name=\"twitter:data2\" content=\"4 minuti\" \/>\n<script type=\"application\/ld+json\" class=\"yoast-schema-graph\">{\"@context\":\"https:\/\/schema.org\",\"@graph\":[{\"@type\":\"NewsArticle\",\"@id\":\"https:\/\/www.varesenews.it\/2017\/08\/vaccinazioni-obbligatorie-novita-e-potenziamenti\/646437\/#article\",\"isPartOf\":{\"@id\":\"https:\/\/www.varesenews.it\/2017\/08\/vaccinazioni-obbligatorie-novita-e-potenziamenti\/646437\/\"},\"author\":{\"name\":\"Alessandra Toni\",\"@id\":\"https:\/\/www.varesenews.it\/#\/schema\/person\/2643ce123d4a3c9511e015dc548779b8\"},\"headline\":\"Vaccinazioni obbligatorie: novit\u00e0 e potenziamenti\",\"datePublished\":\"2017-08-23T12:17:01+00:00\",\"dateModified\":\"2017-08-23T12:17:01+00:00\",\"mainEntityOfPage\":{\"@id\":\"https:\/\/www.varesenews.it\/2017\/08\/vaccinazioni-obbligatorie-novita-e-potenziamenti\/646437\/\"},\"wordCount\":749,\"commentCount\":0,\"publisher\":{\"@id\":\"https:\/\/www.varesenews.it\/#organization\"},\"keywords\":[\"asst lariana\",\"ats insubria\",\"vaccinazioni\"],\"articleSection\":[\"Lombardia\",\"Salute\"],\"inLanguage\":\"it-IT\",\"potentialAction\":[{\"@type\":\"CommentAction\",\"name\":\"Comment\",\"target\":[\"https:\/\/www.varesenews.it\/2017\/08\/vaccinazioni-obbligatorie-novita-e-potenziamenti\/646437\/#respond\"]}]},{\"@type\":\"WebPage\",\"@id\":\"https:\/\/www.varesenews.it\/2017\/08\/vaccinazioni-obbligatorie-novita-e-potenziamenti\/646437\/\",\"url\":\"https:\/\/www.varesenews.it\/2017\/08\/vaccinazioni-obbligatorie-novita-e-potenziamenti\/646437\/\",\"name\":\"Vaccinazioni obbligatorie: novit\u00e0 e potenziamenti\",\"isPartOf\":{\"@id\":\"https:\/\/www.varesenews.it\/#website\"},\"datePublished\":\"2017-08-23T12:17:01+00:00\",\"dateModified\":\"2017-08-23T12:17:01+00:00\",\"description\":\"Aperture aggiuntive degli sportelli, un numero verde dedicato e le convocazioni per chi dovr\u00e0 regolarizzare la posizione: queste le novit\u00e0 introdotte dall'Asst Lariana\",\"breadcrumb\":{\"@id\":\"https:\/\/www.varesenews.it\/2017\/08\/vaccinazioni-obbligatorie-novita-e-potenziamenti\/646437\/#breadcrumb\"},\"inLanguage\":\"it-IT\",\"potentialAction\":[{\"@type\":\"ReadAction\",\"target\":[\"https:\/\/www.varesenews.it\/2017\/08\/vaccinazioni-obbligatorie-novita-e-potenziamenti\/646437\/\"]}]},{\"@type\":\"BreadcrumbList\",\"@id\":\"https:\/\/www.varesenews.it\/2017\/08\/vaccinazioni-obbligatorie-novita-e-potenziamenti\/646437\/#breadcrumb\",\"itemListElement\":[{\"@type\":\"ListItem\",\"position\":1,\"name\":\"VN\",\"item\":\"https:\/\/www.varesenews.it\/\"},{\"@type\":\"ListItem\",\"position\":2,\"name\":\"Aree Geografiche\",\"item\":\"https:\/\/www.varesenews.it\/category\/aree-geografiche\/\"},{\"@type\":\"ListItem\",\"position\":3,\"name\":\"Lombardia\",\"item\":\"https:\/\/www.varesenews.it\/category\/aree-geografiche\/lombardia\/\"},{\"@type\":\"ListItem\",\"position\":4,\"name\":\"Vaccinazioni obbligatorie: novit\u00e0 e potenziamenti\"}]},{\"@type\":\"WebSite\",\"@id\":\"https:\/\/www.varesenews.it\/#website\",\"url\":\"https:\/\/www.varesenews.it\/\",\"name\":\"VareseNews\",\"description\":\"\",\"publisher\":{\"@id\":\"https:\/\/www.varesenews.it\/#organization\"},\"potentialAction\":[{\"@type\":\"SearchAction\",\"target\":{\"@type\":\"EntryPoint\",\"urlTemplate\":\"https:\/\/www.varesenews.it\/?s={search_term_string}\"},\"query-input\":\"required name=search_term_string\"}],\"inLanguage\":\"it-IT\"},{\"@type\":\"Organization\",\"@id\":\"https:\/\/www.varesenews.it\/#organization\",\"name\":\"VareseWeb Srl\",\"url\":\"https:\/\/www.varesenews.it\/\",\"logo\":{\"@type\":\"ImageObject\",\"inLanguage\":\"it-IT\",\"@id\":\"https:\/\/www.varesenews.it\/#\/schema\/logo\/image\/\",\"url\":\"https:\/\/www.varesenews.it\/wp-content\/uploads\/2023\/08\/VARESEWEB.png\",\"contentUrl\":\"https:\/\/www.varesenews.it\/wp-content\/uploads\/2023\/08\/VARESEWEB.png\",\"width\":304,\"height\":304,\"caption\":\"VareseWeb Srl\"},\"image\":{\"@id\":\"https:\/\/www.varesenews.it\/#\/schema\/logo\/image\/\"},\"sameAs\":[\"https:\/\/www.facebook.com\/varesenews\/\",\"https:\/\/twitter.com\/varesenews\",\"https:\/\/instagram.com\/varesenews\/\"]},{\"@type\":\"Person\",\"@id\":\"https:\/\/www.varesenews.it\/#\/schema\/person\/2643ce123d4a3c9511e015dc548779b8\",\"name\":\"Alessandra Toni\",\"image\":{\"@type\":\"ImageObject\",\"inLanguage\":\"it-IT\",\"@id\":\"https:\/\/www.varesenews.it\/#\/schema\/person\/image\/\",\"url\":\"https:\/\/www.varesenews.it\/wp-content\/uploads\/2020\/12\/alessandra_toni_colori_500.jpg\",\"contentUrl\":\"https:\/\/www.varesenews.it\/wp-content\/uploads\/2020\/12\/alessandra_toni_colori_500.jpg\",\"caption\":\"Alessandra Toni\"},\"description\":\"Sono entrata nella redazione di VareseNews nel lontano anno 2000. Ero reduce da una bellissima esperienza nella redazione giornalistica della TV Nuova Antennatre, sotto la direzione dell'indimenticabile direttore Adolfo Caldarini. Sono arrivata quando era ancora una piccola realt\u00e0 editoriale e insieme abbiamo fatto un lungo ed entusiasmante lavoro. Mi occupo prevalentemente di scuola e di sanit\u00e0, settori impegnativi di grande valore sociale.\u00a0\",\"sameAs\":[\"alessandra.toni7\",\"alessandra.toni\",\"https:\/\/twitter.com\/alessandra_toni\"],\"url\":\"https:\/\/www.varesenews.it\/persona\/alessandra_toni1\/\"}]}<\/script>\n<!-- \/ Yoast SEO plugin. -->","yoast_head_json":{"title":"Vaccinazioni obbligatorie: novit\u00e0 e potenziamenti","description":"Aperture aggiuntive degli sportelli, un numero verde dedicato e le convocazioni per chi dovr\u00e0 regolarizzare la posizione: queste le novit\u00e0 introdotte dall'Asst Lariana","robots":{"index":"index","follow":"follow","max-snippet":"max-snippet:-1","max-image-preview":"max-image-preview:large","max-video-preview":"max-video-preview:-1"},"canonical":"https:\/\/www.varesenews.it\/2017\/08\/vaccinazioni-obbligatorie-novita-e-potenziamenti\/646437\/","og_locale":"it_IT","og_type":"article","og_title":"Vaccinazioni obbligatorie: novit\u00e0 e potenziamenti","og_description":"Aperture aggiuntive degli sportelli, un numero verde dedicato e le convocazioni per chi dovr\u00e0 regolarizzare la posizione: queste le novit\u00e0 introdotte dall'Asst Lariana","og_url":"https:\/\/www.varesenews.it\/2017\/08\/vaccinazioni-obbligatorie-novita-e-potenziamenti\/646437\/","og_site_name":"VareseNews","article_publisher":"https:\/\/www.facebook.com\/varesenews\/","article_author":"alessandra.toni7","article_published_time":"2017-08-23T12:17:01+00:00","author":"Alessandra Toni","twitter_card":"summary_large_image","twitter_creator":"@alessandra_toni","twitter_site":"@varesenews","twitter_misc":{"Scritto da":"Alessandra Toni","Tempo di lettura stimato":"4 minuti"},"schema":{"@context":"https:\/\/schema.org","@graph":[{"@type":"NewsArticle","@id":"https:\/\/www.varesenews.it\/2017\/08\/vaccinazioni-obbligatorie-novita-e-potenziamenti\/646437\/#article","isPartOf":{"@id":"https:\/\/www.varesenews.it\/2017\/08\/vaccinazioni-obbligatorie-novita-e-potenziamenti\/646437\/"},"author":{"name":"Alessandra Toni","@id":"https:\/\/www.varesenews.it\/#\/schema\/person\/2643ce123d4a3c9511e015dc548779b8"},"headline":"Vaccinazioni obbligatorie: novit\u00e0 e potenziamenti","datePublished":"2017-08-23T12:17:01+00:00","dateModified":"2017-08-23T12:17:01+00:00","mainEntityOfPage":{"@id":"https:\/\/www.varesenews.it\/2017\/08\/vaccinazioni-obbligatorie-novita-e-potenziamenti\/646437\/"},"wordCount":749,"commentCount":0,"publisher":{"@id":"https:\/\/www.varesenews.it\/#organization"},"keywords":["asst lariana","ats insubria","vaccinazioni"],"articleSection":["Lombardia","Salute"],"inLanguage":"it-IT","potentialAction":[{"@type":"CommentAction","name":"Comment","target":["https:\/\/www.varesenews.it\/2017\/08\/vaccinazioni-obbligatorie-novita-e-potenziamenti\/646437\/#respond"]}]},{"@type":"WebPage","@id":"https:\/\/www.varesenews.it\/2017\/08\/vaccinazioni-obbligatorie-novita-e-potenziamenti\/646437\/","url":"https:\/\/www.varesenews.it\/2017\/08\/vaccinazioni-obbligatorie-novita-e-potenziamenti\/646437\/","name":"Vaccinazioni obbligatorie: novit\u00e0 e potenziamenti","isPartOf":{"@id":"https:\/\/www.varesenews.it\/#website"},"datePublished":"2017-08-23T12:17:01+00:00","dateModified":"2017-08-23T12:17:01+00:00","description":"Aperture aggiuntive degli sportelli, un numero verde dedicato e le convocazioni per chi dovr\u00e0 regolarizzare la posizione: queste le novit\u00e0 introdotte dall'Asst Lariana","breadcrumb":{"@id":"https:\/\/www.varesenews.it\/2017\/08\/vaccinazioni-obbligatorie-novita-e-potenziamenti\/646437\/#breadcrumb"},"inLanguage":"it-IT","potentialAction":[{"@type":"ReadAction","target":["https:\/\/www.varesenews.it\/2017\/08\/vaccinazioni-obbligatorie-novita-e-potenziamenti\/646437\/"]}]},{"@type":"BreadcrumbList","@id":"https:\/\/www.varesenews.it\/2017\/08\/vaccinazioni-obbligatorie-novita-e-potenziamenti\/646437\/#breadcrumb","itemListElement":[{"@type":"ListItem","position":1,"name":"VN","item":"https:\/\/www.varesenews.it\/"},{"@type":"ListItem","position":2,"name":"Aree Geografiche","item":"https:\/\/www.varesenews.it\/category\/aree-geografiche\/"},{"@type":"ListItem","position":3,"name":"Lombardia","item":"https:\/\/www.varesenews.it\/category\/aree-geografiche\/lombardia\/"},{"@type":"ListItem","position":4,"name":"Vaccinazioni obbligatorie: novit\u00e0 e potenziamenti"}]},{"@type":"WebSite","@id":"https:\/\/www.varesenews.it\/#website","url":"https:\/\/www.varesenews.it\/","name":"VareseNews","description":"","publisher":{"@id":"https:\/\/www.varesenews.it\/#organization"},"potentialAction":[{"@type":"SearchAction","target":{"@type":"EntryPoint","urlTemplate":"https:\/\/www.varesenews.it\/?s={search_term_string}"},"query-input":"required name=search_term_string"}],"inLanguage":"it-IT"},{"@type":"Organization","@id":"https:\/\/www.varesenews.it\/#organization","name":"VareseWeb Srl","url":"https:\/\/www.varesenews.it\/","logo":{"@type":"ImageObject","inLanguage":"it-IT","@id":"https:\/\/www.varesenews.it\/#\/schema\/logo\/image\/","url":"https:\/\/www.varesenews.it\/wp-content\/uploads\/2023\/08\/VARESEWEB.png","contentUrl":"https:\/\/www.varesenews.it\/wp-content\/uploads\/2023\/08\/VARESEWEB.png","width":304,"height":304,"caption":"VareseWeb Srl"},"image":{"@id":"https:\/\/www.varesenews.it\/#\/schema\/logo\/image\/"},"sameAs":["https:\/\/www.facebook.com\/varesenews\/","https:\/\/twitter.com\/varesenews","https:\/\/instagram.com\/varesenews\/"]},{"@type":"Person","@id":"https:\/\/www.varesenews.it\/#\/schema\/person\/2643ce123d4a3c9511e015dc548779b8","name":"Alessandra Toni","image":{"@type":"ImageObject","inLanguage":"it-IT","@id":"https:\/\/www.varesenews.it\/#\/schema\/person\/image\/","url":"https:\/\/www.varesenews.it\/wp-content\/uploads\/2020\/12\/alessandra_toni_colori_500.jpg","contentUrl":"https:\/\/www.varesenews.it\/wp-content\/uploads\/2020\/12\/alessandra_toni_colori_500.jpg","caption":"Alessandra Toni"},"description":"Sono entrata nella redazione di VareseNews nel lontano anno 2000. Ero reduce da una bellissima esperienza nella redazione giornalistica della TV Nuova Antennatre, sotto la direzione dell'indimenticabile direttore Adolfo Caldarini. Sono arrivata quando era ancora una piccola realt\u00e0 editoriale e insieme abbiamo fatto un lungo ed entusiasmante lavoro. Mi occupo prevalentemente di scuola e di sanit\u00e0, settori impegnativi di grande valore sociale.\u00a0","sameAs":["alessandra.toni7","alessandra.toni","https:\/\/twitter.com\/alessandra_toni"],"url":"https:\/\/www.varesenews.it\/persona\/alessandra_toni1\/"}]}},"post_meta":{"_edit_lock":"1503492199:33","_edit_last":"33","_category_permalink":"24","wdfb_og_title":"","wdfb_og_type":"","wdfb_og_description":"","wdfb_og_images":"a:1:{i:0;s:0:\"\";}","wdfb_og_custom_name":"a:1:{i:0;s:0:\"\";}","wdfb_og_custom_value":"a:1:{i:0;s:0:\"\";}","foto":"207593","firma_come_redazione":"1","argomento":"Como","_jd_twitter":"","_jd_tweet_this":"yes","ratings_users":"0","ratings_score":"0","ratings_average":"0","_wpt_short_url":"http:\/\/www.varesenews.it\/2017\/08\/vaccinazioni-obbligatorie-novita-e-potenziamenti\/646437\/","_wp_jd_target":"http:\/\/www.varesenews.it\/2017\/08\/vaccinazioni-obbligatorie-novita-e-potenziamenti\/646437\/","_jd_wp_twitter":"a:1:{i:0;s:180:\"Vaccinazioni obbligatorie: novit\u00e0 e potenziamenti http:\/\/www.varesenews.it\/2017\/08\/vaccinazioni-obbligatorie-novita-e-potenziamenti\/646437\/ #asstlariana #atsinsubria #vaccinazioni\";}","_wpt_status_message":"Tweet inviato con successo.","id_leggi_anche":"646632,646865,647653"},"photos":[{"original":"https:\/\/www.varesenews.it\/photogallery_new\/images\/2011\/06\/ospedale-sant-anna-como-207593.jpg","full":"https:\/\/www.varesenews.it\/photogallery_new\/images\/2011\/06\/ospedale-sant-anna-como-207593.1024x768.jpg","large":"https:\/\/www.varesenews.it\/photogallery_new\/images\/2011\/06\/ospedale-sant-anna-como-207593.610x431.jpg"}],"_links":{"self":[{"href":"https:\/\/www.varesenews.it\/swgapi\/v1\/wp\/v2\/posts\/646437"}],"collection":[{"href":"https:\/\/www.varesenews.it\/swgapi\/v1\/wp\/v2\/posts"}],"about":[{"href":"https:\/\/www.varesenews.it\/swgapi\/v1\/wp\/v2\/types\/post"}],"author":[{"embeddable":true,"href":"https:\/\/www.varesenews.it\/swgapi\/v1\/wp\/v2\/users\/33"}],"replies":[{"embeddable":true,"href":"https:\/\/www.varesenews.it\/swgapi\/v1\/wp\/v2\/comments?post=646437"}],"version-history":[{"count":0,"href":"https:\/\/www.varesenews.it\/swgapi\/v1\/wp\/v2\/posts\/646437\/revisions"}],"wp:attachment":[{"href":"https:\/\/www.varesenews.it\/swgapi\/v1\/wp\/v2\/media?parent=646437"}],"wp:term":[{"taxonomy":"category","embeddable":true,"href":"https:\/\/www.varesenews.it\/swgapi\/v1\/wp\/v2\/categories?post=646437"},{"taxonomy":"post_tag","embeddable":true,"href":"https:\/\/www.varesenews.it\/swgapi\/v1\/wp\/v2\/tags?post=646437"}],"curies":[{"name":"wp","href":"https:\/\/api.w.org\/{rel}","templated":true}]}}