{"id":829655,"date":"2019-06-12T11:51:50","date_gmt":"2019-06-12T09:51:50","guid":{"rendered":"https:\/\/www.varesenews.it\/?p=829655"},"modified":"2019-06-12T11:59:59","modified_gmt":"2019-06-12T09:59:59","slug":"chiuso-un-sacco-abbandonato-cagnolino-salvato-dal-custode-villa","status":"publish","type":"post","link":"https:\/\/www.varesenews.it\/2019\/06\/chiuso-un-sacco-abbandonato-cagnolino-salvato-dal-custode-villa\/829655\/","title":{"rendered":"Chiuso in un sacco e abbandonato, cagnolino salvato dal custode di una villa"},"content":{"rendered":"<p>Venerd\u00ec mattina la Lega del Cane, associazione che gestisce il canile di Varese, \u00e8 stata chiamata per recuperare un cane segnalato <strong>all\u2019interno del Parco di una Villa del Campo dei Fiori<\/strong>. A notarlo era stata la custode che non si \u00e8 allarmata finch\u00e9 in giardino non ha ritrovato anche <strong>un sacco di iuta, rotto, da cui presumibilmente il cane \u00e8 riuscito a liberarsi dopo essere stato gettato nel giardino. <\/strong><\/p>\n<p>\u00abUn gesto ignobile e crudele. Il cane \u00e8 stato gettato al di l\u00e0 di una recinzione, a ridosso del bosco, in un sacco ben chiuso, <strong>con il preciso intento di lasciarlo morire di stenti<\/strong>. <strong>L\u2019ennesimo abbandono sui generis<\/strong> che si verifica a Varese e che comincia a destare ben pi\u00f9 di un sospetto \u2013 spiega presidente Lndc Va <strong>Alessandra Calafa<\/strong> \u2013 Ricordiamo che contattando direttamente l\u2019associazione, si pu\u00f2 intervenire nel rispetto prima di tutto degli animali\u00bb.<\/p>\n<div class=\"photo-inside-post\"><img decoding=\"async\" loading=\"lazy\" fetchpriority=\"low\" width=\"610\" height=\"431\" src=\"https:\/\/www.varesenews.it\/photogallery_new\/images\/2019\/06\/generico-2018-743740.610x431.jpg\" alt=\"Generico 2018\"><\/div>\n<p>Le ricerche del cane al Campo dei Fiori sono durate due giorni e finalmente domenica si \u00e8 riusciti ad avvicinarlo e catturarlo, grazie alla pazienza dei custodi della Villa. Si tratta di un cane tipo <strong>Pincher dell\u2019et\u00e0 di 2\/3 anni<\/strong> e senza microchip, che ora si trova al canile sanitario di Cittiglio, in attesa di essere trasferito in canile a Varese. \u00abIl cane \u00e8 in buone condizioni di salute e speriamo che qualcuno possa riconoscerlo e segnalarci il precedente proprietario. Lo accoglieremo come sempre facciamo con gli animali bisognosi e cercheremo di trovare al pi\u00f9 presto per lui una nuova famiglia \u2013 aggiunge \u2013 Ringraziamo la Polizia Locale che sta seguendo la vicenda, ma vogliamo anche accendere i riflettori sul fenomeno degli abbandoni che sta crescendo rapidamente in citt\u00e0 e che ci preoccupa moltissimo. Ritrovamenti di femmine gravide o cani ammalati sono sempre pi\u00f9 frequenti. <strong>Gesti come questo non possono restare impuniti e faremo tutto il possibile per risalire all&#8217;autore<\/strong>\u00bb.<\/p>\n","protected":false},"excerpt":{"rendered":"<p>La Lega del cane di Varese denuncia l&#8217;episodio e altri gesti simili: &#8220;Faremo di tutto per risalire al responsabile&#8221;<\/p>\n","protected":false},"author":43,"featured_media":0,"comment_status":"open","ping_status":"open","sticky":false,"template":"","format":"standard","meta":{"footnotes":""},"categories":[87573,2],"tags":[56740,88722,97199],"acf":[],"yoast_head":"<!-- This site is optimized with the Yoast SEO plugin v20.1 - https:\/\/yoast.com\/wordpress\/plugins\/seo\/ -->\n<title>Chiuso in un sacco e abbandonato, cagnolino salvato dal custode di una villa<\/title>\n<meta name=\"description\" content=\"La Lega del cane di Varese denuncia l&#039;episodio e altri gesti simili: &quot;Faremo di tutto per risalire al responsabile&quot;\" \/>\n<meta name=\"robots\" content=\"index, follow, max-snippet:-1, max-image-preview:large, max-video-preview:-1\" \/>\n<link rel=\"canonical\" href=\"https:\/\/www.varesenews.it\/2019\/06\/chiuso-un-sacco-abbandonato-cagnolino-salvato-dal-custode-villa\/829655\/\" \/>\n<meta property=\"og:locale\" content=\"it_IT\" \/>\n<meta property=\"og:type\" content=\"article\" \/>\n<meta property=\"og:title\" content=\"Chiuso in un sacco e abbandonato, cagnolino salvato dal custode di una villa\" \/>\n<meta property=\"og:description\" content=\"La Lega del cane di Varese denuncia l&#039;episodio e altri gesti simili: &quot;Faremo di tutto per risalire al responsabile&quot;\" \/>\n<meta property=\"og:url\" content=\"https:\/\/www.varesenews.it\/2019\/06\/chiuso-un-sacco-abbandonato-cagnolino-salvato-dal-custode-villa\/829655\/\" \/>\n<meta property=\"og:site_name\" content=\"VareseNews\" \/>\n<meta property=\"article:publisher\" content=\"https:\/\/www.facebook.com\/varesenews\/\" \/>\n<meta property=\"article:author\" content=\"https:\/\/www.facebook.com\/mariacarla.cebrelli\" \/>\n<meta property=\"article:published_time\" content=\"2019-06-12T09:51:50+00:00\" \/>\n<meta property=\"article:modified_time\" content=\"2019-06-12T09:59:59+00:00\" \/>\n<meta name=\"author\" content=\"Maria Carla Cebrelli\" \/>\n<meta name=\"twitter:card\" content=\"summary_large_image\" \/>\n<meta name=\"twitter:creator\" content=\"@pikapiketti\" \/>\n<meta name=\"twitter:site\" content=\"@varesenews\" \/>\n<meta name=\"twitter:label1\" content=\"Scritto da\" \/>\n\t<meta name=\"twitter:data1\" content=\"Maria Carla Cebrelli\" \/>\n\t<meta name=\"twitter:label2\" content=\"Tempo di lettura stimato\" \/>\n\t<meta name=\"twitter:data2\" content=\"2 minuti\" \/>\n<script type=\"application\/ld+json\" class=\"yoast-schema-graph\">{\"@context\":\"https:\/\/schema.org\",\"@graph\":[{\"@type\":\"NewsArticle\",\"@id\":\"https:\/\/www.varesenews.it\/2019\/06\/chiuso-un-sacco-abbandonato-cagnolino-salvato-dal-custode-villa\/829655\/#article\",\"isPartOf\":{\"@id\":\"https:\/\/www.varesenews.it\/2019\/06\/chiuso-un-sacco-abbandonato-cagnolino-salvato-dal-custode-villa\/829655\/\"},\"author\":{\"name\":\"Maria Carla Cebrelli\",\"@id\":\"https:\/\/www.varesenews.it\/#\/schema\/person\/5bf790e99d7ec50061119cc825c454de\"},\"headline\":\"Chiuso in un sacco e abbandonato, cagnolino salvato dal custode di una villa\",\"datePublished\":\"2019-06-12T09:51:50+00:00\",\"dateModified\":\"2019-06-12T09:59:59+00:00\",\"mainEntityOfPage\":{\"@id\":\"https:\/\/www.varesenews.it\/2019\/06\/chiuso-un-sacco-abbandonato-cagnolino-salvato-dal-custode-villa\/829655\/\"},\"wordCount\":314,\"commentCount\":0,\"publisher\":{\"@id\":\"https:\/\/www.varesenews.it\/#organization\"},\"keywords\":[\"cane abbandonato\",\"cani e gatti\",\"lega del cane\"],\"articleSection\":[\"Animali\",\"Varese Laghi\"],\"inLanguage\":\"it-IT\",\"potentialAction\":[{\"@type\":\"CommentAction\",\"name\":\"Comment\",\"target\":[\"https:\/\/www.varesenews.it\/2019\/06\/chiuso-un-sacco-abbandonato-cagnolino-salvato-dal-custode-villa\/829655\/#respond\"]}]},{\"@type\":\"WebPage\",\"@id\":\"https:\/\/www.varesenews.it\/2019\/06\/chiuso-un-sacco-abbandonato-cagnolino-salvato-dal-custode-villa\/829655\/\",\"url\":\"https:\/\/www.varesenews.it\/2019\/06\/chiuso-un-sacco-abbandonato-cagnolino-salvato-dal-custode-villa\/829655\/\",\"name\":\"Chiuso in un sacco e abbandonato, cagnolino salvato dal custode di una villa\",\"isPartOf\":{\"@id\":\"https:\/\/www.varesenews.it\/#website\"},\"datePublished\":\"2019-06-12T09:51:50+00:00\",\"dateModified\":\"2019-06-12T09:59:59+00:00\",\"description\":\"La Lega del cane di Varese denuncia l'episodio e altri gesti simili: \\\"Faremo di tutto per risalire al responsabile\\\"\",\"breadcrumb\":{\"@id\":\"https:\/\/www.varesenews.it\/2019\/06\/chiuso-un-sacco-abbandonato-cagnolino-salvato-dal-custode-villa\/829655\/#breadcrumb\"},\"inLanguage\":\"it-IT\",\"potentialAction\":[{\"@type\":\"ReadAction\",\"target\":[\"https:\/\/www.varesenews.it\/2019\/06\/chiuso-un-sacco-abbandonato-cagnolino-salvato-dal-custode-villa\/829655\/\"]}]},{\"@type\":\"BreadcrumbList\",\"@id\":\"https:\/\/www.varesenews.it\/2019\/06\/chiuso-un-sacco-abbandonato-cagnolino-salvato-dal-custode-villa\/829655\/#breadcrumb\",\"itemListElement\":[{\"@type\":\"ListItem\",\"position\":1,\"name\":\"VN\",\"item\":\"https:\/\/www.varesenews.it\/\"},{\"@type\":\"ListItem\",\"position\":2,\"name\":\"Canali Tematici\",\"item\":\"https:\/\/www.varesenews.it\/category\/canali-tematici\/\"},{\"@type\":\"ListItem\",\"position\":3,\"name\":\"Animali\",\"item\":\"https:\/\/www.varesenews.it\/category\/canali-tematici\/animali\/\"},{\"@type\":\"ListItem\",\"position\":4,\"name\":\"Chiuso in un sacco e abbandonato, cagnolino salvato dal custode di una villa\"}]},{\"@type\":\"WebSite\",\"@id\":\"https:\/\/www.varesenews.it\/#website\",\"url\":\"https:\/\/www.varesenews.it\/\",\"name\":\"VareseNews\",\"description\":\"\",\"publisher\":{\"@id\":\"https:\/\/www.varesenews.it\/#organization\"},\"potentialAction\":[{\"@type\":\"SearchAction\",\"target\":{\"@type\":\"EntryPoint\",\"urlTemplate\":\"https:\/\/www.varesenews.it\/?s={search_term_string}\"},\"query-input\":\"required name=search_term_string\"}],\"inLanguage\":\"it-IT\"},{\"@type\":\"Organization\",\"@id\":\"https:\/\/www.varesenews.it\/#organization\",\"name\":\"VareseWeb Srl\",\"url\":\"https:\/\/www.varesenews.it\/\",\"logo\":{\"@type\":\"ImageObject\",\"inLanguage\":\"it-IT\",\"@id\":\"https:\/\/www.varesenews.it\/#\/schema\/logo\/image\/\",\"url\":\"https:\/\/www.varesenews.it\/wp-content\/uploads\/2023\/08\/VARESEWEB.png\",\"contentUrl\":\"https:\/\/www.varesenews.it\/wp-content\/uploads\/2023\/08\/VARESEWEB.png\",\"width\":304,\"height\":304,\"caption\":\"VareseWeb Srl\"},\"image\":{\"@id\":\"https:\/\/www.varesenews.it\/#\/schema\/logo\/image\/\"},\"sameAs\":[\"https:\/\/www.facebook.com\/varesenews\/\",\"https:\/\/twitter.com\/varesenews\",\"https:\/\/instagram.com\/varesenews\/\"]},{\"@type\":\"Person\",\"@id\":\"https:\/\/www.varesenews.it\/#\/schema\/person\/5bf790e99d7ec50061119cc825c454de\",\"name\":\"Maria Carla Cebrelli\",\"image\":{\"@type\":\"ImageObject\",\"inLanguage\":\"it-IT\",\"@id\":\"https:\/\/www.varesenews.it\/#\/schema\/person\/image\/\",\"url\":\"https:\/\/www.varesenews.it\/wp-content\/uploads\/2025\/07\/1731523613685.jpeg\",\"contentUrl\":\"https:\/\/www.varesenews.it\/wp-content\/uploads\/2025\/07\/1731523613685.jpeg\",\"caption\":\"Maria Carla Cebrelli\"},\"description\":\"Economista di formazione, giornalista per passione. A VareseNews dal 2005, mi sono occupata negli anni di universit\u00e0, tematiche di confine, news locali e comunicazione nel settore sociale. Attualmente sono responsabile di VerbanoNews, del canale di VareseNews dedicato al Turismo e seguo i social dell'area business.\",\"sameAs\":[\"https:\/\/www.facebook.com\/mariacarla.cebrelli\",\"pikapiketti\",\"https:\/\/twitter.com\/pikapiketti\"],\"url\":\"https:\/\/www.varesenews.it\/persona\/mariacarla-cebrelli1\/\"}]}<\/script>\n<!-- \/ Yoast SEO plugin. -->","yoast_head_json":{"title":"Chiuso in un sacco e abbandonato, cagnolino salvato dal custode di una villa","description":"La Lega del cane di Varese denuncia l'episodio e altri gesti simili: \"Faremo di tutto per risalire al responsabile\"","robots":{"index":"index","follow":"follow","max-snippet":"max-snippet:-1","max-image-preview":"max-image-preview:large","max-video-preview":"max-video-preview:-1"},"canonical":"https:\/\/www.varesenews.it\/2019\/06\/chiuso-un-sacco-abbandonato-cagnolino-salvato-dal-custode-villa\/829655\/","og_locale":"it_IT","og_type":"article","og_title":"Chiuso in un sacco e abbandonato, cagnolino salvato dal custode di una villa","og_description":"La Lega del cane di Varese denuncia l'episodio e altri gesti simili: \"Faremo di tutto per risalire al responsabile\"","og_url":"https:\/\/www.varesenews.it\/2019\/06\/chiuso-un-sacco-abbandonato-cagnolino-salvato-dal-custode-villa\/829655\/","og_site_name":"VareseNews","article_publisher":"https:\/\/www.facebook.com\/varesenews\/","article_author":"https:\/\/www.facebook.com\/mariacarla.cebrelli","article_published_time":"2019-06-12T09:51:50+00:00","article_modified_time":"2019-06-12T09:59:59+00:00","author":"Maria Carla Cebrelli","twitter_card":"summary_large_image","twitter_creator":"@pikapiketti","twitter_site":"@varesenews","twitter_misc":{"Scritto da":"Maria Carla Cebrelli","Tempo di lettura stimato":"2 minuti"},"schema":{"@context":"https:\/\/schema.org","@graph":[{"@type":"NewsArticle","@id":"https:\/\/www.varesenews.it\/2019\/06\/chiuso-un-sacco-abbandonato-cagnolino-salvato-dal-custode-villa\/829655\/#article","isPartOf":{"@id":"https:\/\/www.varesenews.it\/2019\/06\/chiuso-un-sacco-abbandonato-cagnolino-salvato-dal-custode-villa\/829655\/"},"author":{"name":"Maria Carla Cebrelli","@id":"https:\/\/www.varesenews.it\/#\/schema\/person\/5bf790e99d7ec50061119cc825c454de"},"headline":"Chiuso in un sacco e abbandonato, cagnolino salvato dal custode di una villa","datePublished":"2019-06-12T09:51:50+00:00","dateModified":"2019-06-12T09:59:59+00:00","mainEntityOfPage":{"@id":"https:\/\/www.varesenews.it\/2019\/06\/chiuso-un-sacco-abbandonato-cagnolino-salvato-dal-custode-villa\/829655\/"},"wordCount":314,"commentCount":0,"publisher":{"@id":"https:\/\/www.varesenews.it\/#organization"},"keywords":["cane abbandonato","cani e gatti","lega del cane"],"articleSection":["Animali","Varese Laghi"],"inLanguage":"it-IT","potentialAction":[{"@type":"CommentAction","name":"Comment","target":["https:\/\/www.varesenews.it\/2019\/06\/chiuso-un-sacco-abbandonato-cagnolino-salvato-dal-custode-villa\/829655\/#respond"]}]},{"@type":"WebPage","@id":"https:\/\/www.varesenews.it\/2019\/06\/chiuso-un-sacco-abbandonato-cagnolino-salvato-dal-custode-villa\/829655\/","url":"https:\/\/www.varesenews.it\/2019\/06\/chiuso-un-sacco-abbandonato-cagnolino-salvato-dal-custode-villa\/829655\/","name":"Chiuso in un sacco e abbandonato, cagnolino salvato dal custode di una villa","isPartOf":{"@id":"https:\/\/www.varesenews.it\/#website"},"datePublished":"2019-06-12T09:51:50+00:00","dateModified":"2019-06-12T09:59:59+00:00","description":"La Lega del cane di Varese denuncia l'episodio e altri gesti simili: \"Faremo di tutto per risalire al responsabile\"","breadcrumb":{"@id":"https:\/\/www.varesenews.it\/2019\/06\/chiuso-un-sacco-abbandonato-cagnolino-salvato-dal-custode-villa\/829655\/#breadcrumb"},"inLanguage":"it-IT","potentialAction":[{"@type":"ReadAction","target":["https:\/\/www.varesenews.it\/2019\/06\/chiuso-un-sacco-abbandonato-cagnolino-salvato-dal-custode-villa\/829655\/"]}]},{"@type":"BreadcrumbList","@id":"https:\/\/www.varesenews.it\/2019\/06\/chiuso-un-sacco-abbandonato-cagnolino-salvato-dal-custode-villa\/829655\/#breadcrumb","itemListElement":[{"@type":"ListItem","position":1,"name":"VN","item":"https:\/\/www.varesenews.it\/"},{"@type":"ListItem","position":2,"name":"Canali Tematici","item":"https:\/\/www.varesenews.it\/category\/canali-tematici\/"},{"@type":"ListItem","position":3,"name":"Animali","item":"https:\/\/www.varesenews.it\/category\/canali-tematici\/animali\/"},{"@type":"ListItem","position":4,"name":"Chiuso in un sacco e abbandonato, cagnolino salvato dal custode di una villa"}]},{"@type":"WebSite","@id":"https:\/\/www.varesenews.it\/#website","url":"https:\/\/www.varesenews.it\/","name":"VareseNews","description":"","publisher":{"@id":"https:\/\/www.varesenews.it\/#organization"},"potentialAction":[{"@type":"SearchAction","target":{"@type":"EntryPoint","urlTemplate":"https:\/\/www.varesenews.it\/?s={search_term_string}"},"query-input":"required name=search_term_string"}],"inLanguage":"it-IT"},{"@type":"Organization","@id":"https:\/\/www.varesenews.it\/#organization","name":"VareseWeb Srl","url":"https:\/\/www.varesenews.it\/","logo":{"@type":"ImageObject","inLanguage":"it-IT","@id":"https:\/\/www.varesenews.it\/#\/schema\/logo\/image\/","url":"https:\/\/www.varesenews.it\/wp-content\/uploads\/2023\/08\/VARESEWEB.png","contentUrl":"https:\/\/www.varesenews.it\/wp-content\/uploads\/2023\/08\/VARESEWEB.png","width":304,"height":304,"caption":"VareseWeb Srl"},"image":{"@id":"https:\/\/www.varesenews.it\/#\/schema\/logo\/image\/"},"sameAs":["https:\/\/www.facebook.com\/varesenews\/","https:\/\/twitter.com\/varesenews","https:\/\/instagram.com\/varesenews\/"]},{"@type":"Person","@id":"https:\/\/www.varesenews.it\/#\/schema\/person\/5bf790e99d7ec50061119cc825c454de","name":"Maria Carla Cebrelli","image":{"@type":"ImageObject","inLanguage":"it-IT","@id":"https:\/\/www.varesenews.it\/#\/schema\/person\/image\/","url":"https:\/\/www.varesenews.it\/wp-content\/uploads\/2025\/07\/1731523613685.jpeg","contentUrl":"https:\/\/www.varesenews.it\/wp-content\/uploads\/2025\/07\/1731523613685.jpeg","caption":"Maria Carla Cebrelli"},"description":"Economista di formazione, giornalista per passione. A VareseNews dal 2005, mi sono occupata negli anni di universit\u00e0, tematiche di confine, news locali e comunicazione nel settore sociale. Attualmente sono responsabile di VerbanoNews, del canale di VareseNews dedicato al Turismo e seguo i social dell'area business.","sameAs":["https:\/\/www.facebook.com\/mariacarla.cebrelli","pikapiketti","https:\/\/twitter.com\/pikapiketti"],"url":"https:\/\/www.varesenews.it\/persona\/mariacarla-cebrelli1\/"}]}},"photos":[{"original":"https:\/\/www.varesenews.it\/photogallery_new\/images\/2019\/06\/generico-2018-743739.jpg","full":"https:\/\/www.varesenews.it\/photogallery_new\/images\/2019\/06\/generico-2018-743739.1024x768.jpg","large":"https:\/\/www.varesenews.it\/photogallery_new\/images\/2019\/06\/generico-2018-743739.610x431.jpg"}],"post_meta":{"_edit_lock":"1560333738:43","_edit_last":"43","_category_permalink":"a:1:{s:8:\"category\";s:5:\"87573\";}","ratings_users":"0","ratings_score":"0","ratings_average":"0","foto":"743739","firma_come_redazione":"1","argomento":"Varese","_yoast_wpseo_content_score":"30","_jd_tweet_this":"yes","_wpt_short_url":"https:\/\/www.varesenews.it\/2019\/06\/chiuso-un-sacco-abbandonato-cagnolino-salvato-dal-custode-villa\/829655\/","_wp_jd_target":"https:\/\/www.varesenews.it\/2019\/06\/chiuso-un-sacco-abbandonato-cagnolino-salvato-dal-custode-villa\/829655\/","_jd_wp_twitter":"a:1:{i:0;s:218:\"Chiuso in un sacco e abbandonato, cagnolino salvato dal custode di una https:\/\/www.varesenews.it\/2019\/06\/chiuso-un-sacco-abbandonato-cagnolino-salvato-dal-custode-villa\/829655\/ #caneabbandonato #caniegatti #legadelcane\";}","_wpt_status_message":"Tweet inviato con successo."},"_links":{"self":[{"href":"https:\/\/www.varesenews.it\/swgapi\/v1\/wp\/v2\/posts\/829655"}],"collection":[{"href":"https:\/\/www.varesenews.it\/swgapi\/v1\/wp\/v2\/posts"}],"about":[{"href":"https:\/\/www.varesenews.it\/swgapi\/v1\/wp\/v2\/types\/post"}],"author":[{"embeddable":true,"href":"https:\/\/www.varesenews.it\/swgapi\/v1\/wp\/v2\/users\/43"}],"replies":[{"embeddable":true,"href":"https:\/\/www.varesenews.it\/swgapi\/v1\/wp\/v2\/comments?post=829655"}],"version-history":[{"count":0,"href":"https:\/\/www.varesenews.it\/swgapi\/v1\/wp\/v2\/posts\/829655\/revisions"}],"wp:attachment":[{"href":"https:\/\/www.varesenews.it\/swgapi\/v1\/wp\/v2\/media?parent=829655"}],"wp:term":[{"taxonomy":"category","embeddable":true,"href":"https:\/\/www.varesenews.it\/swgapi\/v1\/wp\/v2\/categories?post=829655"},{"taxonomy":"post_tag","embeddable":true,"href":"https:\/\/www.varesenews.it\/swgapi\/v1\/wp\/v2\/tags?post=829655"}],"curies":[{"name":"wp","href":"https:\/\/api.w.org\/{rel}","templated":true}]}}