{"id":854230,"date":"2019-09-18T11:04:20","date_gmt":"2019-09-18T09:04:20","guid":{"rendered":"https:\/\/www.varesenews.it\/?p=854230"},"modified":"2019-09-18T11:04:20","modified_gmt":"2019-09-18T09:04:20","slug":"inizia-la-scuola-della-parola-nel-decanato-tradate","status":"publish","type":"post","link":"https:\/\/www.varesenews.it\/2019\/09\/inizia-la-scuola-della-parola-nel-decanato-tradate\/854230\/","title":{"rendered":"Inizia la scuola della parola nel Decanato di Tradate"},"content":{"rendered":"<p>L\u2019Azione Cattolica annuncia l&#8217;inizio della\u00a0<strong>Scuola della Parola con alcune serate che saranno guidate da don Martino Mortola<\/strong>, giovane docente nel Seminario Arcivescovile di Venegono Inferiore, chiamato a presentare differenti <strong>\u201cFIGURE DELLA FEDE\u201d<\/strong> nel Vangelo secondo Giovanni . Per il decanato di Tradate tutti i cinque incontri si svolgeranno alle ore 20:45 presso la <strong>chiesa parrocchiale di Castiglione Olona (via Verdi, 15), nella cappella del Crocifisso.<\/strong><\/p>\n<h3>IL TEMA DEL PERCORSO 2019-2020<\/h3>\n<p>A chiusura del Quarto Vangelo, l\u2019autore ricorda al lettore qual \u00e8 il senso del viaggio che egli ha compiuto: \u00abGes\u00f9, in presenza dei suoi discepoli, fece molti altri segni che non sono stati scritti in questo libro. Ma questi sono stati scritti perch\u00e9 crediate che Ges\u00f9 \u00e8 il Cristo, il Figlio di Dio, e perch\u00e9, credendo, abbiate la vita nel suo nome\u00bb (Gv 20, 30-31). La preoccupazione dell\u2019evangelista non \u00e8 soltanto di spiegare ai discepoli la vita di Ges\u00f9, ma soprattutto di trasmettere la fede in Lui, che permette di ricevere a sua stessa vita.<br \/>\nIl Vangelo di Giovanni ama descrivere gli incontri tra Ges\u00f9 e alcuni personaggi che si intrecciano col suo cammino. Il lettore-discepolo si pu\u00f2 identificare in essi, riconoscendo le proprie paure, i propri dubbi, le proprie resistenze al suo messaggio, ma anche l\u2019incredibile potenza della propria fede.<br \/>\nNel cammino di quest\u2019anno approfondiremo, dunque, alcuni personaggi che si accostano a Ges\u00f9. Attraverso queste \u00abfigure delle fede\u00bb, San Giovanni intende farci entrare nel mistero di Ges\u00f9 e provocarci a prendere una decisione, proprio come \u00e8 accaduto a loro.<\/p>\n<h3>PROGRAMMA E CALENDARIO<\/h3>\n<p>PRIMO INCONTRO mercoled\u00ec 25 settembre 209<br \/>\n\u201cVoce di uno che grida nel deserto\u201d<br \/>\nGiovanni il Battista, il testimone fedele (Giovanni 1, 19-28)<\/p>\n<p>SECONDO INCONTRO mercoled\u00ec 30 ottobre<br \/>\n\u201cVenite e vedrete\u201d<br \/>\nLa chiamata dei discepoli (Giovanni 1, 35-51)<\/p>\n<p>TERZO INCONTRO mercoled\u00ec 27 novembre<br \/>\n\u201cQualsiasi cosa dica, fatela\u201d<br \/>\nMaria, la mediatrice (Giovanni 2, 1-12)<\/p>\n<p>QUARTO INCONTRO mercoled\u00ec 26 febbraio<br \/>\n\u201cVuoi guarire\u201d?<br \/>\nIl paralitico della piscina di Betzaet\u00e0 (Giovanni 5, 1-17)<\/p>\n<p>QUINTO INCONTRO mercoled\u00ec 11 marzo<br \/>\n\u201cTu hai parole di vita eterna\u201d<br \/>\nLa crisi dei discepoli e la fede di Pietro (Giovanni 6, 59-69)<\/p>\n<p>&nbsp;<\/p>\n","protected":false},"excerpt":{"rendered":"<p>L\u2019Azione Cattolica invita alle serate di Scuola della Parola che saranno guidate da don Martino Mortola. A partire dal 25 settembre<\/p>\n","protected":false},"author":51,"featured_media":0,"comment_status":"open","ping_status":"open","sticky":false,"template":"","format":"standard","meta":{"footnotes":""},"categories":[5],"tags":[99556],"acf":[],"yoast_head":"<!-- This site is optimized with the Yoast SEO plugin v20.1 - https:\/\/yoast.com\/wordpress\/plugins\/seo\/ -->\n<title>Inizia la scuola della parola nel Decanato di Tradate<\/title>\n<meta name=\"description\" content=\"L\u2019Azione Cattolica invita alle serate di Scuola della Parola che saranno guidate da don Martino Mortola. A partire dal 25 settembre\" \/>\n<meta name=\"robots\" content=\"index, follow, max-snippet:-1, max-image-preview:large, max-video-preview:-1\" \/>\n<link rel=\"canonical\" href=\"https:\/\/www.varesenews.it\/2019\/09\/inizia-la-scuola-della-parola-nel-decanato-tradate\/854230\/\" \/>\n<meta property=\"og:locale\" content=\"it_IT\" \/>\n<meta property=\"og:type\" content=\"article\" \/>\n<meta property=\"og:title\" content=\"Inizia la scuola della parola nel Decanato di Tradate\" \/>\n<meta property=\"og:description\" content=\"L\u2019Azione Cattolica invita alle serate di Scuola della Parola che saranno guidate da don Martino Mortola. A partire dal 25 settembre\" \/>\n<meta property=\"og:url\" content=\"https:\/\/www.varesenews.it\/2019\/09\/inizia-la-scuola-della-parola-nel-decanato-tradate\/854230\/\" \/>\n<meta property=\"og:site_name\" content=\"VareseNews\" \/>\n<meta property=\"article:publisher\" content=\"https:\/\/www.facebook.com\/varesenews\/\" \/>\n<meta property=\"article:author\" content=\"https:\/\/www.facebook.com\/manuel.sgarella\" \/>\n<meta property=\"article:published_time\" content=\"2019-09-18T09:04:20+00:00\" \/>\n<meta name=\"author\" content=\"Manuel Sgarella\" \/>\n<meta name=\"twitter:card\" content=\"summary_large_image\" \/>\n<meta name=\"twitter:creator\" content=\"@Sgarel\" \/>\n<meta name=\"twitter:site\" content=\"@varesenews\" \/>\n<meta name=\"twitter:label1\" content=\"Scritto da\" \/>\n\t<meta name=\"twitter:data1\" content=\"Manuel Sgarella\" \/>\n\t<meta name=\"twitter:label2\" content=\"Tempo di lettura stimato\" \/>\n\t<meta name=\"twitter:data2\" content=\"2 minuti\" \/>\n<script type=\"application\/ld+json\" class=\"yoast-schema-graph\">{\"@context\":\"https:\/\/schema.org\",\"@graph\":[{\"@type\":\"NewsArticle\",\"@id\":\"https:\/\/www.varesenews.it\/2019\/09\/inizia-la-scuola-della-parola-nel-decanato-tradate\/854230\/#article\",\"isPartOf\":{\"@id\":\"https:\/\/www.varesenews.it\/2019\/09\/inizia-la-scuola-della-parola-nel-decanato-tradate\/854230\/\"},\"author\":{\"name\":\"Manuel Sgarella\",\"@id\":\"https:\/\/www.varesenews.it\/#\/schema\/person\/1ec987bf360cbcf5fab38b0367dbc9d4\"},\"headline\":\"Inizia la scuola della parola nel Decanato di Tradate\",\"datePublished\":\"2019-09-18T09:04:20+00:00\",\"dateModified\":\"2019-09-18T09:04:20+00:00\",\"mainEntityOfPage\":{\"@id\":\"https:\/\/www.varesenews.it\/2019\/09\/inizia-la-scuola-della-parola-nel-decanato-tradate\/854230\/\"},\"wordCount\":342,\"commentCount\":0,\"publisher\":{\"@id\":\"https:\/\/www.varesenews.it\/#organization\"},\"keywords\":[\"decanato di tradate\"],\"articleSection\":[\"Saronno\/Tradate\"],\"inLanguage\":\"it-IT\",\"potentialAction\":[{\"@type\":\"CommentAction\",\"name\":\"Comment\",\"target\":[\"https:\/\/www.varesenews.it\/2019\/09\/inizia-la-scuola-della-parola-nel-decanato-tradate\/854230\/#respond\"]}]},{\"@type\":\"WebPage\",\"@id\":\"https:\/\/www.varesenews.it\/2019\/09\/inizia-la-scuola-della-parola-nel-decanato-tradate\/854230\/\",\"url\":\"https:\/\/www.varesenews.it\/2019\/09\/inizia-la-scuola-della-parola-nel-decanato-tradate\/854230\/\",\"name\":\"Inizia la scuola della parola nel Decanato di Tradate\",\"isPartOf\":{\"@id\":\"https:\/\/www.varesenews.it\/#website\"},\"datePublished\":\"2019-09-18T09:04:20+00:00\",\"dateModified\":\"2019-09-18T09:04:20+00:00\",\"description\":\"L\u2019Azione Cattolica invita alle serate di Scuola della Parola che saranno guidate da don Martino Mortola. A partire dal 25 settembre\",\"breadcrumb\":{\"@id\":\"https:\/\/www.varesenews.it\/2019\/09\/inizia-la-scuola-della-parola-nel-decanato-tradate\/854230\/#breadcrumb\"},\"inLanguage\":\"it-IT\",\"potentialAction\":[{\"@type\":\"ReadAction\",\"target\":[\"https:\/\/www.varesenews.it\/2019\/09\/inizia-la-scuola-della-parola-nel-decanato-tradate\/854230\/\"]}]},{\"@type\":\"BreadcrumbList\",\"@id\":\"https:\/\/www.varesenews.it\/2019\/09\/inizia-la-scuola-della-parola-nel-decanato-tradate\/854230\/#breadcrumb\",\"itemListElement\":[{\"@type\":\"ListItem\",\"position\":1,\"name\":\"VN\",\"item\":\"https:\/\/www.varesenews.it\/\"},{\"@type\":\"ListItem\",\"position\":2,\"name\":\"Aree Geografiche\",\"item\":\"https:\/\/www.varesenews.it\/category\/aree-geografiche\/\"},{\"@type\":\"ListItem\",\"position\":3,\"name\":\"Saronno\/Tradate\",\"item\":\"https:\/\/www.varesenews.it\/category\/aree-geografiche\/saronno-tradate\/\"},{\"@type\":\"ListItem\",\"position\":4,\"name\":\"Inizia la scuola della parola nel Decanato di Tradate\"}]},{\"@type\":\"WebSite\",\"@id\":\"https:\/\/www.varesenews.it\/#website\",\"url\":\"https:\/\/www.varesenews.it\/\",\"name\":\"VareseNews\",\"description\":\"\",\"publisher\":{\"@id\":\"https:\/\/www.varesenews.it\/#organization\"},\"potentialAction\":[{\"@type\":\"SearchAction\",\"target\":{\"@type\":\"EntryPoint\",\"urlTemplate\":\"https:\/\/www.varesenews.it\/?s={search_term_string}\"},\"query-input\":\"required name=search_term_string\"}],\"inLanguage\":\"it-IT\"},{\"@type\":\"Organization\",\"@id\":\"https:\/\/www.varesenews.it\/#organization\",\"name\":\"VareseWeb Srl\",\"url\":\"https:\/\/www.varesenews.it\/\",\"logo\":{\"@type\":\"ImageObject\",\"inLanguage\":\"it-IT\",\"@id\":\"https:\/\/www.varesenews.it\/#\/schema\/logo\/image\/\",\"url\":\"https:\/\/www.varesenews.it\/wp-content\/uploads\/2023\/08\/VARESEWEB.png\",\"contentUrl\":\"https:\/\/www.varesenews.it\/wp-content\/uploads\/2023\/08\/VARESEWEB.png\",\"width\":304,\"height\":304,\"caption\":\"VareseWeb Srl\"},\"image\":{\"@id\":\"https:\/\/www.varesenews.it\/#\/schema\/logo\/image\/\"},\"sameAs\":[\"https:\/\/www.facebook.com\/varesenews\/\",\"https:\/\/twitter.com\/varesenews\",\"https:\/\/instagram.com\/varesenews\/\"]},{\"@type\":\"Person\",\"@id\":\"https:\/\/www.varesenews.it\/#\/schema\/person\/1ec987bf360cbcf5fab38b0367dbc9d4\",\"name\":\"Manuel Sgarella\",\"image\":{\"@type\":\"ImageObject\",\"inLanguage\":\"it-IT\",\"@id\":\"https:\/\/www.varesenews.it\/#\/schema\/person\/image\/\",\"url\":\"https:\/\/www.varesenews.it\/wp-content\/uploads\/2020\/12\/manuel_sgarella_colori_500.jpg\",\"contentUrl\":\"https:\/\/www.varesenews.it\/wp-content\/uploads\/2020\/12\/manuel_sgarella_colori_500.jpg\",\"caption\":\"Manuel Sgarella\"},\"description\":\"A VareseNews dal 1999, da quando ho iniziato a collaborare per la pagina del cinema. Col tempo mi sono occupato della cronaca del territorio di Saronno-Tradate e dell'organizzazione di alcuni progetti speciali di VareseNews, tra cui la produzione del film Digitalife. Dal 2009 sono giornalista professionista. Diplomato alla Civica scuola del cinema di Milano, coltivo da sempre una passione per tutto quello che &egrave; narrazione, soprattutto per film e serie tv. Dal 2014 Pubblico romanzi come autore indipendente.&nbsp;\",\"sameAs\":[\"https:\/\/www.facebook.com\/manuel.sgarella\",\"Sgarel\",\"https:\/\/twitter.com\/Sgarel\"],\"url\":\"https:\/\/www.varesenews.it\/persona\/manuel-sgarella1\/\"}]}<\/script>\n<!-- \/ Yoast SEO plugin. -->","yoast_head_json":{"title":"Inizia la scuola della parola nel Decanato di Tradate","description":"L\u2019Azione Cattolica invita alle serate di Scuola della Parola che saranno guidate da don Martino Mortola. A partire dal 25 settembre","robots":{"index":"index","follow":"follow","max-snippet":"max-snippet:-1","max-image-preview":"max-image-preview:large","max-video-preview":"max-video-preview:-1"},"canonical":"https:\/\/www.varesenews.it\/2019\/09\/inizia-la-scuola-della-parola-nel-decanato-tradate\/854230\/","og_locale":"it_IT","og_type":"article","og_title":"Inizia la scuola della parola nel Decanato di Tradate","og_description":"L\u2019Azione Cattolica invita alle serate di Scuola della Parola che saranno guidate da don Martino Mortola. A partire dal 25 settembre","og_url":"https:\/\/www.varesenews.it\/2019\/09\/inizia-la-scuola-della-parola-nel-decanato-tradate\/854230\/","og_site_name":"VareseNews","article_publisher":"https:\/\/www.facebook.com\/varesenews\/","article_author":"https:\/\/www.facebook.com\/manuel.sgarella","article_published_time":"2019-09-18T09:04:20+00:00","author":"Manuel Sgarella","twitter_card":"summary_large_image","twitter_creator":"@Sgarel","twitter_site":"@varesenews","twitter_misc":{"Scritto da":"Manuel Sgarella","Tempo di lettura stimato":"2 minuti"},"schema":{"@context":"https:\/\/schema.org","@graph":[{"@type":"NewsArticle","@id":"https:\/\/www.varesenews.it\/2019\/09\/inizia-la-scuola-della-parola-nel-decanato-tradate\/854230\/#article","isPartOf":{"@id":"https:\/\/www.varesenews.it\/2019\/09\/inizia-la-scuola-della-parola-nel-decanato-tradate\/854230\/"},"author":{"name":"Manuel Sgarella","@id":"https:\/\/www.varesenews.it\/#\/schema\/person\/1ec987bf360cbcf5fab38b0367dbc9d4"},"headline":"Inizia la scuola della parola nel Decanato di Tradate","datePublished":"2019-09-18T09:04:20+00:00","dateModified":"2019-09-18T09:04:20+00:00","mainEntityOfPage":{"@id":"https:\/\/www.varesenews.it\/2019\/09\/inizia-la-scuola-della-parola-nel-decanato-tradate\/854230\/"},"wordCount":342,"commentCount":0,"publisher":{"@id":"https:\/\/www.varesenews.it\/#organization"},"keywords":["decanato di tradate"],"articleSection":["Saronno\/Tradate"],"inLanguage":"it-IT","potentialAction":[{"@type":"CommentAction","name":"Comment","target":["https:\/\/www.varesenews.it\/2019\/09\/inizia-la-scuola-della-parola-nel-decanato-tradate\/854230\/#respond"]}]},{"@type":"WebPage","@id":"https:\/\/www.varesenews.it\/2019\/09\/inizia-la-scuola-della-parola-nel-decanato-tradate\/854230\/","url":"https:\/\/www.varesenews.it\/2019\/09\/inizia-la-scuola-della-parola-nel-decanato-tradate\/854230\/","name":"Inizia la scuola della parola nel Decanato di Tradate","isPartOf":{"@id":"https:\/\/www.varesenews.it\/#website"},"datePublished":"2019-09-18T09:04:20+00:00","dateModified":"2019-09-18T09:04:20+00:00","description":"L\u2019Azione Cattolica invita alle serate di Scuola della Parola che saranno guidate da don Martino Mortola. A partire dal 25 settembre","breadcrumb":{"@id":"https:\/\/www.varesenews.it\/2019\/09\/inizia-la-scuola-della-parola-nel-decanato-tradate\/854230\/#breadcrumb"},"inLanguage":"it-IT","potentialAction":[{"@type":"ReadAction","target":["https:\/\/www.varesenews.it\/2019\/09\/inizia-la-scuola-della-parola-nel-decanato-tradate\/854230\/"]}]},{"@type":"BreadcrumbList","@id":"https:\/\/www.varesenews.it\/2019\/09\/inizia-la-scuola-della-parola-nel-decanato-tradate\/854230\/#breadcrumb","itemListElement":[{"@type":"ListItem","position":1,"name":"VN","item":"https:\/\/www.varesenews.it\/"},{"@type":"ListItem","position":2,"name":"Aree Geografiche","item":"https:\/\/www.varesenews.it\/category\/aree-geografiche\/"},{"@type":"ListItem","position":3,"name":"Saronno\/Tradate","item":"https:\/\/www.varesenews.it\/category\/aree-geografiche\/saronno-tradate\/"},{"@type":"ListItem","position":4,"name":"Inizia la scuola della parola nel Decanato di Tradate"}]},{"@type":"WebSite","@id":"https:\/\/www.varesenews.it\/#website","url":"https:\/\/www.varesenews.it\/","name":"VareseNews","description":"","publisher":{"@id":"https:\/\/www.varesenews.it\/#organization"},"potentialAction":[{"@type":"SearchAction","target":{"@type":"EntryPoint","urlTemplate":"https:\/\/www.varesenews.it\/?s={search_term_string}"},"query-input":"required name=search_term_string"}],"inLanguage":"it-IT"},{"@type":"Organization","@id":"https:\/\/www.varesenews.it\/#organization","name":"VareseWeb Srl","url":"https:\/\/www.varesenews.it\/","logo":{"@type":"ImageObject","inLanguage":"it-IT","@id":"https:\/\/www.varesenews.it\/#\/schema\/logo\/image\/","url":"https:\/\/www.varesenews.it\/wp-content\/uploads\/2023\/08\/VARESEWEB.png","contentUrl":"https:\/\/www.varesenews.it\/wp-content\/uploads\/2023\/08\/VARESEWEB.png","width":304,"height":304,"caption":"VareseWeb Srl"},"image":{"@id":"https:\/\/www.varesenews.it\/#\/schema\/logo\/image\/"},"sameAs":["https:\/\/www.facebook.com\/varesenews\/","https:\/\/twitter.com\/varesenews","https:\/\/instagram.com\/varesenews\/"]},{"@type":"Person","@id":"https:\/\/www.varesenews.it\/#\/schema\/person\/1ec987bf360cbcf5fab38b0367dbc9d4","name":"Manuel Sgarella","image":{"@type":"ImageObject","inLanguage":"it-IT","@id":"https:\/\/www.varesenews.it\/#\/schema\/person\/image\/","url":"https:\/\/www.varesenews.it\/wp-content\/uploads\/2020\/12\/manuel_sgarella_colori_500.jpg","contentUrl":"https:\/\/www.varesenews.it\/wp-content\/uploads\/2020\/12\/manuel_sgarella_colori_500.jpg","caption":"Manuel Sgarella"},"description":"A VareseNews dal 1999, da quando ho iniziato a collaborare per la pagina del cinema. Col tempo mi sono occupato della cronaca del territorio di Saronno-Tradate e dell'organizzazione di alcuni progetti speciali di VareseNews, tra cui la produzione del film Digitalife. Dal 2009 sono giornalista professionista. Diplomato alla Civica scuola del cinema di Milano, coltivo da sempre una passione per tutto quello che &egrave; narrazione, soprattutto per film e serie tv. Dal 2014 Pubblico romanzi come autore indipendente.&nbsp;","sameAs":["https:\/\/www.facebook.com\/manuel.sgarella","Sgarel","https:\/\/twitter.com\/Sgarel"],"url":"https:\/\/www.varesenews.it\/persona\/manuel-sgarella1\/"}]}},"photos":[{"original":"https:\/\/www.varesenews.it\/photogallery_new\/images\/2019\/09\/scuola-della-parola-758285.jpg","full":"https:\/\/www.varesenews.it\/photogallery_new\/images\/2019\/09\/scuola-della-parola-758285.1024x768.jpg","large":"https:\/\/www.varesenews.it\/photogallery_new\/images\/2019\/09\/scuola-della-parola-758285.610x431.jpg"}],"post_meta":{"_edit_lock":"1568797408:51","_edit_last":"51","_category_permalink":"a:1:{s:8:\"category\";s:0:\"\";}","ratings_users":"0","ratings_score":"0","ratings_average":"0","foto":"758285","firma-personalizzata":"Decanato di Tradate","argomento":"Castiglione Olona","_yoast_wpseo_content_score":"60","_jd_tweet_this":"yes","_wpt_short_url":"https:\/\/www.varesenews.it\/2019\/09\/inizia-la-scuola-della-parola-nel-decanato-tradate\/854230\/","_wp_jd_target":"https:\/\/www.varesenews.it\/2019\/09\/inizia-la-scuola-della-parola-nel-decanato-tradate\/854230\/","_jd_wp_twitter":"a:1:{i:0;s:147:\"Inizia la scuola della parola nel Decanato di Tradate https:\/\/www.varesenews.it\/2019\/09\/inizia-la-scuola-della-parola-nel-decanato-tradate\/854230\/ \";}","_wpt_status_message":"Tweet inviato con successo."},"_links":{"self":[{"href":"https:\/\/www.varesenews.it\/swgapi\/v1\/wp\/v2\/posts\/854230"}],"collection":[{"href":"https:\/\/www.varesenews.it\/swgapi\/v1\/wp\/v2\/posts"}],"about":[{"href":"https:\/\/www.varesenews.it\/swgapi\/v1\/wp\/v2\/types\/post"}],"author":[{"embeddable":true,"href":"https:\/\/www.varesenews.it\/swgapi\/v1\/wp\/v2\/users\/51"}],"replies":[{"embeddable":true,"href":"https:\/\/www.varesenews.it\/swgapi\/v1\/wp\/v2\/comments?post=854230"}],"version-history":[{"count":0,"href":"https:\/\/www.varesenews.it\/swgapi\/v1\/wp\/v2\/posts\/854230\/revisions"}],"wp:attachment":[{"href":"https:\/\/www.varesenews.it\/swgapi\/v1\/wp\/v2\/media?parent=854230"}],"wp:term":[{"taxonomy":"category","embeddable":true,"href":"https:\/\/www.varesenews.it\/swgapi\/v1\/wp\/v2\/categories?post=854230"},{"taxonomy":"post_tag","embeddable":true,"href":"https:\/\/www.varesenews.it\/swgapi\/v1\/wp\/v2\/tags?post=854230"}],"curies":[{"name":"wp","href":"https:\/\/api.w.org\/{rel}","templated":true}]}}